{"id":683,"date":"2024-10-28T16:42:10","date_gmt":"2024-10-28T15:42:10","guid":{"rendered":"https:\/\/wiegehtesdir-comics.de\/?p=683"},"modified":"2024-11-04T16:45:11","modified_gmt":"2024-11-04T15:45:11","slug":"felix-pestemer-nazih","status":"publish","type":"post","link":"https:\/\/wiegehtesdir-comics.de\/?p=683","title":{"rendered":"Felix Pestemer: Nazih"},"content":{"rendered":"<div class=\"wp-block-group alignfull is-layout-constrained wp-container-core-group-is-layout-4bf3f388 wp-block-group-is-layout-constrained\"><div class=\"wp-block-group alignwide has-source-serif-pro-font-family is-nowrap is-layout-flex wp-container-core-group-is-layout-6c531013 wp-block-group-is-layout-flex\" id=\"oben\"><div style=\"font-size:18px;\" class=\"wp-block-post-date\"><time datetime=\"2024-10-28T16:42:10+01:00\">28. Oktober 2024<\/time><\/div><\/div>\n\n<div class=\"wp-block-group alignwide has-source-serif-pro-font-family is-layout-constrained wp-container-core-group-is-layout-ef493e3c wp-block-group-is-layout-constrained\" style=\"font-size:24px\"><h2 style=\"font-size:24px;font-style:normal;font-weight:600;\" class=\"alignwide wp-block-post-title\">Felix Pestemer: Nazih<\/h2><\/div>\n\n<div class=\"wp-block-group alignwide is-layout-constrained wp-container-core-group-is-layout-ef493e3c wp-block-group-is-layout-constrained\"><figure data-wp-context=\"{&quot;imageId&quot;:&quot;69f4aec1a737d&quot;}\" data-wp-interactive=\"core\/image\" data-wp-key=\"69f4aec1a737d\" class=\"wp-block-image alignwide size-full rbc-is-hidden-on-tablet  rbc-is-hidden-on-mobile wp-lightbox-container\"><img loading=\"lazy\" decoding=\"async\" width=\"2404\" height=\"2520\" data-wp-class--hide=\"state.isContentHidden\" data-wp-class--show=\"state.isContentVisible\" data-wp-init=\"callbacks.setButtonStyles\" data-wp-on--click=\"actions.showLightbox\" data-wp-on--load=\"callbacks.setButtonStyles\" data-wp-on-window--resize=\"callbacks.setButtonStyles\" src=\"https:\/\/wiegehtesdir-comics.de\/wp-content\/uploads\/2024\/10\/NazihMusharbash_FelixPestemer_klein_croped.jpg\" alt=\"\" class=\"wp-image-677\" srcset=\"https:\/\/wiegehtesdir-comics.de\/wp-content\/uploads\/2024\/10\/NazihMusharbash_FelixPestemer_klein_croped.jpg 2404w, https:\/\/wiegehtesdir-comics.de\/wp-content\/uploads\/2024\/10\/NazihMusharbash_FelixPestemer_klein_croped-286x300.jpg 286w, https:\/\/wiegehtesdir-comics.de\/wp-content\/uploads\/2024\/10\/NazihMusharbash_FelixPestemer_klein_croped-977x1024.jpg 977w, https:\/\/wiegehtesdir-comics.de\/wp-content\/uploads\/2024\/10\/NazihMusharbash_FelixPestemer_klein_croped-768x805.jpg 768w, https:\/\/wiegehtesdir-comics.de\/wp-content\/uploads\/2024\/10\/NazihMusharbash_FelixPestemer_klein_croped-1465x1536.jpg 1465w, https:\/\/wiegehtesdir-comics.de\/wp-content\/uploads\/2024\/10\/NazihMusharbash_FelixPestemer_klein_croped-1954x2048.jpg 1954w\" sizes=\"auto, (max-width: 2404px) 100vw, 2404px\" \/><button\n\t\t\tclass=\"lightbox-trigger\"\n\t\t\ttype=\"button\"\n\t\t\taria-haspopup=\"dialog\"\n\t\t\taria-label=\"Vergr\u00f6\u00dfern\"\n\t\t\tdata-wp-init=\"callbacks.initTriggerButton\"\n\t\t\tdata-wp-on--click=\"actions.showLightbox\"\n\t\t\tdata-wp-style--right=\"state.imageButtonRight\"\n\t\t\tdata-wp-style--top=\"state.imageButtonTop\"\n\t\t>\n\t\t\t<svg xmlns=\"http:\/\/www.w3.org\/2000\/svg\" width=\"12\" height=\"12\" fill=\"none\" viewBox=\"0 0 12 12\">\n\t\t\t\t<path fill=\"#fff\" d=\"M2 0a2 2 0 0 0-2 2v2h1.5V2a.5.5 0 0 1 .5-.5h2V0H2Zm2 10.5H2a.5.5 0 0 1-.5-.5V8H0v2a2 2 0 0 0 2 2h2v-1.5ZM8 12v-1.5h2a.5.5 0 0 0 .5-.5V8H12v2a2 2 0 0 1-2 2H8Zm2-12a2 2 0 0 1 2 2v2h-1.5V2a.5.5 0 0 0-.5-.5H8V0h2Z\" \/>\n\t\t\t<\/svg>\n\t\t<\/button><\/figure>\n\n<figure class=\"wp-block-image alignwide size-full rbc-is-hidden-on-wide  rbc-is-hidden-on-desktop\"><img loading=\"lazy\" decoding=\"async\" width=\"2404\" height=\"2520\" src=\"https:\/\/wiegehtesdir-comics.de\/wp-content\/uploads\/2024\/10\/NazihMusharbash_FelixPestemer_klein_croped.jpg\" alt=\"\" class=\"wp-image-677\" srcset=\"https:\/\/wiegehtesdir-comics.de\/wp-content\/uploads\/2024\/10\/NazihMusharbash_FelixPestemer_klein_croped.jpg 2404w, https:\/\/wiegehtesdir-comics.de\/wp-content\/uploads\/2024\/10\/NazihMusharbash_FelixPestemer_klein_croped-286x300.jpg 286w, https:\/\/wiegehtesdir-comics.de\/wp-content\/uploads\/2024\/10\/NazihMusharbash_FelixPestemer_klein_croped-977x1024.jpg 977w, https:\/\/wiegehtesdir-comics.de\/wp-content\/uploads\/2024\/10\/NazihMusharbash_FelixPestemer_klein_croped-768x805.jpg 768w, https:\/\/wiegehtesdir-comics.de\/wp-content\/uploads\/2024\/10\/NazihMusharbash_FelixPestemer_klein_croped-1465x1536.jpg 1465w, https:\/\/wiegehtesdir-comics.de\/wp-content\/uploads\/2024\/10\/NazihMusharbash_FelixPestemer_klein_croped-1954x2048.jpg 1954w\" sizes=\"auto, (max-width: 2404px) 100vw, 2404px\" \/><\/figure><\/div>\n\n<div style=\"height:20px\" aria-hidden=\"true\" class=\"wp-block-spacer\"><\/div>\n\n<div class=\"wp-block-group alignwide is-layout-constrained wp-container-core-group-is-layout-ef493e3c wp-block-group-is-layout-constrained\"><p  class=\"rbc-is-hidden-on-mobile rbc-is-hidden-on-tablet\" style=\"font-size:18px\">Nazih Musharbash, geboren 1946 in Amman\/Jordanien, verbrachte seine Schulzeit bis zum Abitur in Bethlehem und Beit Jala (Pal\u00e4stina) im Internat der Evangelisch-Lutherischen Schulen. Er lebt seit 1965 in Deutschland und studierte und unterrichtete Chemie und Biologie. Bis zu seiner Pensionierung war er Realschulrektor. Jahrelang war er bei der Bezirksregierung als Fortbildungsbeauftragter und Koordinator f\u00fcr Schulentwicklung und Evaluation t\u00e4tig. Ab 1986 wirkte er 34 Jahre lang als Stadtrat und 25 Jahre im Kreistag des Landkreises Osnabr\u00fcck. Von Februar 1997 bis M\u00e4rz 1998 zog er als Nachr\u00fccker in den Nieders\u00e4chsischen Landtag als Mitglied der SPD-Fraktion. 2008 gr\u00fcndete er mit weiteren 30 Personen die Regionalgruppe Osnabr\u00fcck der Deutsch-Pal\u00e4stinensischen Gesellschaft, zu deren Pr\u00e4sident er 2018 gew\u00e4hlt wurde. Musharbash bereist regelm\u00e4\u00dfig die Nahost-L\u00e4nder und pflegt ein gro\u00dfes Netzwerk von an Frieden arbeitenden Menschen. In der von Lena Gorelik, Miryam Schellbach und Mirjam Zadoff herausgegebenen Essaysammlung \u201eTrotzdem sprechen\u201c (Ullstein Verlag, 2023) ist Nazih Musharbash mit dem Text \u201eTrauer und Misstrauen\u201c vertreten. <br><br>Felix Pestemer, geboren 1974 in Braunschweig, studierte Freie Kunst in Berlin und Illustration in Barcelona. Seitdem arbeitet er an der Schnittstelle beider Disziplinen: Comics und Erz\u00e4hlungen im Buchformat bilden einen flie\u00dfenden \u00dcbergang zu narrativen Grafikserien. Seine erste Graphic Novel \u201eDer Staub der Ahnen\u201c (2012) war f\u00fcr den Max und Moritz-Preis nominiert und basiert auf einem einj\u00e4hrigen Forschungsaufenthalt in Mexiko. Die Alben \u201eIm Auge des Betrachters \u2013 Ein Rundgang durch die alte Nationalgalerie\u201c (2019) und \u201eAlles bleibt anders \u2013 Das Konzerthaus Berlin und seine Geschichte(n)\u201c (alle avant-verlag, 2021) widmen sich der Stadt- und Kulturgeschichte von Pestemers Wahlheimat Berlin. <a href=\"http:\/\/www.puttbill.com\">www.puttbill.com<\/a><\/p>\n\n<details class=\"wp-block-details alignwide is-layout-flow wp-block-details-is-layout-flow rbc-is-hidden-on-wide  rbc-is-hidden-on-desktop\"><summary>Information<\/summary><p>Nazih Musharbash, geboren 1946 in Amman\/Jordanien, verbrachte seine Schulzeit bis zum Abitur in Bethlehem und Beit Jala (Pal\u00e4stina) im Internat der Evangelisch-Lutherischen Schulen. Er lebt seit 1965 in Deutschland und studierte und unterrichtete Chemie und Biologie. Bis zu seiner Pensionierung war er Realschulrektor. Jahrelang war er bei der Bezirksregierung als Fortbildungsbeauftragter und Koordinator f\u00fcr Schulentwicklung und Evaluation t\u00e4tig. Ab 1986 wirkte er 34 Jahre lang als Stadtrat und 25 Jahre im Kreistag des Landkreises Osnabr\u00fcck. Von Februar 1997 bis M\u00e4rz 1998 zog er als Nachr\u00fccker in den Nieders\u00e4chsischen Landtag als Mitglied der SPD-Fraktion. 2008 gr\u00fcndete er mit weiteren 30 Personen die Regionalgruppe Osnabr\u00fcck der Deutsch-Pal\u00e4stinensischen Gesellschaft, zu deren Pr\u00e4sident er 2018 gew\u00e4hlt wurde. Musharbash bereist regelm\u00e4\u00dfig die Nahost-L\u00e4nder und pflegt ein gro\u00dfes Netzwerk von an Frieden arbeitenden Menschen. In der von Lena Gorelik, Miryam Schellbach und Mirjam Zadoff herausgegebenen Essaysammlung \u201eTrotzdem sprechen\u201c (Ullstein Verlag, 2023) ist Nazih Musharbash mit dem Text \u201eTrauer und Misstrauen\u201c vertreten.<br><br>Felix Pestemer, geboren 1974 in Braunschweig, studierte Freie Kunst in Berlin und Illustration in Barcelona. Seitdem arbeitet er an der Schnittstelle beider Disziplinen: Comics und Erz\u00e4hlungen im Buchformat bilden einen flie\u00dfenden \u00dcbergang zu narrativen Grafikserien. Seine erste Graphic Novel \u201eDer Staub der Ahnen\u201c (2012) war f\u00fcr den Max und Moritz-Preis nominiert und basiert auf einem einj\u00e4hrigen Forschungsaufenthalt in Mexiko. Die Alben \u201eIm Auge des Betrachters \u2013 Ein Rundgang durch die alte Nationalgalerie\u201c (2019) und \u201eAlles bleibt anders \u2013 Das Konzerthaus Berlin und seine Geschichte(n)\u201c (alle avant-verlag, 2021) widmen sich der Stadt- und Kulturgeschichte von Pestemers Wahlheimat Berlin. <a href=\"http:\/\/www.puttbill.com\">www.puttbill.com<\/a><\/p><\/details><\/div>\n\n<div class=\"wp-block-group alignwide is-content-justification-space-between is-nowrap is-layout-flex wp-container-core-group-is-layout-cb46ffcb wp-block-group-is-layout-flex\"><div class=\"wp-block-group is-nowrap is-layout-flex wp-container-core-group-is-layout-6c531013 wp-block-group-is-layout-flex\"><figure class=\"wp-block-image size-full is-style-rounded\"><img loading=\"lazy\" decoding=\"async\" width=\"42\" height=\"42\" src=\"https:\/\/wiegehtesdir-comics.de\/wp-content\/uploads\/2023\/12\/Insta.png\" alt=\"\" class=\"wp-image-82\"\/><\/figure>\n\n<p class=\"has-source-serif-pro-font-family\" style=\"text-decoration:underline\"><a href=\"https:\/\/www.instagram.com\/p\/DBraLivsvhc\/?img_index=1\" data-type=\"link\" data-id=\"https:\/\/www.instagram.com\/p\/DBraLivsvhc\/?img_index=1\">Beitrag auf Instagram<\/a><\/p><\/div>\n\n<div class=\"wp-block-group is-nowrap is-layout-flex wp-container-core-group-is-layout-6c531013 wp-block-group-is-layout-flex\"><p class=\"has-source-serif-pro-font-family\" style=\"text-decoration:underline\"><a href=\"https:\/\/wiegehtesdir-comics.de\">Startseite<\/a><\/p>\n\n<figure class=\"wp-block-image size-full\"><a href=\"https:\/\/wiegehtesdir-comics.de\" rel=\"Startseite\"><img loading=\"lazy\" decoding=\"async\" width=\"50\" height=\"50\" src=\"https:\/\/wiegehtesdir-comics.de\/wp-content\/uploads\/2023\/12\/Home-3.png\" alt=\"\" class=\"wp-image-26\"\/><\/a><\/figure><\/div><\/div><\/div><div class=\"wp-block-group alignfull is-layout-constrained wp-container-core-group-is-layout-4bf3f388 wp-block-group-is-layout-constrained\"><\/div>","protected":false},"excerpt":{"rendered":"<p>Nazih Musharbash, geboren 1946 in Amman\/Jordanien, verbrachte seine Schulzeit bis zum Abitur in Bethlehem und Beit Jala (Pal\u00e4stina) im Internat der Evangelisch-Lutherischen Schulen. Er lebt seit 1965 in Deutschland und studierte und unterrichtete Chemie und Biologie. Bis zu seiner Pensionierung war er Realschulrektor. Jahrelang war er bei der Bezirksregierung als Fortbildungsbeauftragter und Koordinator f\u00fcr Schulentwicklung [&hellip;]<\/p>\n","protected":false},"author":2,"featured_media":677,"comment_status":"closed","ping_status":"","sticky":false,"template":"","format":"standard","meta":{"footnotes":""},"categories":[1],"tags":[],"class_list":["post-683","post","type-post","status-publish","format-standard","has-post-thumbnail","hentry","category-allgemein"],"_links":{"self":[{"href":"https:\/\/wiegehtesdir-comics.de\/index.php?rest_route=\/wp\/v2\/posts\/683","targetHints":{"allow":["GET"]}}],"collection":[{"href":"https:\/\/wiegehtesdir-comics.de\/index.php?rest_route=\/wp\/v2\/posts"}],"about":[{"href":"https:\/\/wiegehtesdir-comics.de\/index.php?rest_route=\/wp\/v2\/types\/post"}],"author":[{"embeddable":true,"href":"https:\/\/wiegehtesdir-comics.de\/index.php?rest_route=\/wp\/v2\/users\/2"}],"replies":[{"embeddable":true,"href":"https:\/\/wiegehtesdir-comics.de\/index.php?rest_route=%2Fwp%2Fv2%2Fcomments&post=683"}],"version-history":[{"count":2,"href":"https:\/\/wiegehtesdir-comics.de\/index.php?rest_route=\/wp\/v2\/posts\/683\/revisions"}],"predecessor-version":[{"id":686,"href":"https:\/\/wiegehtesdir-comics.de\/index.php?rest_route=\/wp\/v2\/posts\/683\/revisions\/686"}],"wp:featuredmedia":[{"embeddable":true,"href":"https:\/\/wiegehtesdir-comics.de\/index.php?rest_route=\/wp\/v2\/media\/677"}],"wp:attachment":[{"href":"https:\/\/wiegehtesdir-comics.de\/index.php?rest_route=%2Fwp%2Fv2%2Fmedia&parent=683"}],"wp:term":[{"taxonomy":"category","embeddable":true,"href":"https:\/\/wiegehtesdir-comics.de\/index.php?rest_route=%2Fwp%2Fv2%2Fcategories&post=683"},{"taxonomy":"post_tag","embeddable":true,"href":"https:\/\/wiegehtesdir-comics.de\/index.php?rest_route=%2Fwp%2Fv2%2Ftags&post=683"}],"curies":[{"name":"wp","href":"https:\/\/api.w.org\/{rel}","templated":true}]}}