{"id":659,"date":"2024-09-13T14:52:09","date_gmt":"2024-09-13T12:52:09","guid":{"rendered":"https:\/\/wiegehtesdir-comics.de\/?p=659"},"modified":"2024-09-13T14:52:09","modified_gmt":"2024-09-13T12:52:09","slug":"mia-oberlaender-sahra","status":"publish","type":"post","link":"https:\/\/wiegehtesdir-comics.de\/?p=659","title":{"rendered":"Mia Oberl\u00e4nder: Sahra"},"content":{"rendered":"<div class=\"wp-block-group alignfull is-layout-constrained wp-container-core-group-is-layout-4bf3f388 wp-block-group-is-layout-constrained\"><div class=\"wp-block-group alignwide has-source-serif-pro-font-family is-nowrap is-layout-flex wp-container-core-group-is-layout-6c531013 wp-block-group-is-layout-flex\" id=\"oben\"><div style=\"font-size:18px;\" class=\"wp-block-post-date\"><time datetime=\"2024-09-13T14:52:09+02:00\">13. September 2024<\/time><\/div><\/div>\n\n<div class=\"wp-block-group alignwide has-source-serif-pro-font-family is-layout-constrained wp-container-core-group-is-layout-ef493e3c wp-block-group-is-layout-constrained\" style=\"font-size:24px\"><h2 style=\"font-size:24px;font-style:normal;font-weight:600;\" class=\"alignwide wp-block-post-title\">Mia Oberl\u00e4nder: Sahra<\/h2><\/div>\n\n<div style=\"height:20px\" aria-hidden=\"true\" class=\"wp-block-spacer\"><\/div>\n\n<div class=\"wp-block-group alignwide is-layout-constrained wp-container-core-group-is-layout-ef493e3c wp-block-group-is-layout-constrained\"><figure data-wp-context=\"{&quot;imageId&quot;:&quot;69f4b071a7d05&quot;}\" data-wp-interactive=\"core\/image\" data-wp-key=\"69f4b071a7d05\" class=\"wp-block-image alignwide size-full rbc-is-hidden-on-tablet  rbc-is-hidden-on-mobile wp-lightbox-container\"><img loading=\"lazy\" decoding=\"async\" width=\"2454\" height=\"2560\" data-wp-class--hide=\"state.isContentHidden\" data-wp-class--show=\"state.isContentVisible\" data-wp-init=\"callbacks.setButtonStyles\" data-wp-on--click=\"actions.showLightbox\" data-wp-on--load=\"callbacks.setButtonStyles\" data-wp-on-window--resize=\"callbacks.setButtonStyles\" src=\"https:\/\/wiegehtesdir-comics.de\/wp-content\/uploads\/2024\/09\/Sahra_MiaOberlaender_croped-scaled.jpg\" alt=\"\" class=\"wp-image-660\" srcset=\"https:\/\/wiegehtesdir-comics.de\/wp-content\/uploads\/2024\/09\/Sahra_MiaOberlaender_croped-scaled.jpg 2454w, https:\/\/wiegehtesdir-comics.de\/wp-content\/uploads\/2024\/09\/Sahra_MiaOberlaender_croped-288x300.jpg 288w, https:\/\/wiegehtesdir-comics.de\/wp-content\/uploads\/2024\/09\/Sahra_MiaOberlaender_croped-981x1024.jpg 981w, https:\/\/wiegehtesdir-comics.de\/wp-content\/uploads\/2024\/09\/Sahra_MiaOberlaender_croped-768x801.jpg 768w, https:\/\/wiegehtesdir-comics.de\/wp-content\/uploads\/2024\/09\/Sahra_MiaOberlaender_croped-1472x1536.jpg 1472w\" sizes=\"auto, (max-width: 2454px) 100vw, 2454px\" \/><button\n\t\t\tclass=\"lightbox-trigger\"\n\t\t\ttype=\"button\"\n\t\t\taria-haspopup=\"dialog\"\n\t\t\taria-label=\"Vergr\u00f6\u00dfern\"\n\t\t\tdata-wp-init=\"callbacks.initTriggerButton\"\n\t\t\tdata-wp-on--click=\"actions.showLightbox\"\n\t\t\tdata-wp-style--right=\"state.imageButtonRight\"\n\t\t\tdata-wp-style--top=\"state.imageButtonTop\"\n\t\t>\n\t\t\t<svg xmlns=\"http:\/\/www.w3.org\/2000\/svg\" width=\"12\" height=\"12\" fill=\"none\" viewBox=\"0 0 12 12\">\n\t\t\t\t<path fill=\"#fff\" d=\"M2 0a2 2 0 0 0-2 2v2h1.5V2a.5.5 0 0 1 .5-.5h2V0H2Zm2 10.5H2a.5.5 0 0 1-.5-.5V8H0v2a2 2 0 0 0 2 2h2v-1.5ZM8 12v-1.5h2a.5.5 0 0 0 .5-.5V8H12v2a2 2 0 0 1-2 2H8Zm2-12a2 2 0 0 1 2 2v2h-1.5V2a.5.5 0 0 0-.5-.5H8V0h2Z\" \/>\n\t\t\t<\/svg>\n\t\t<\/button><\/figure>\n\n<figure class=\"wp-block-image alignwide size-full rbc-is-hidden-on-wide  rbc-is-hidden-on-desktop\"><img loading=\"lazy\" decoding=\"async\" width=\"2454\" height=\"2560\" src=\"https:\/\/wiegehtesdir-comics.de\/wp-content\/uploads\/2024\/09\/Sahra_MiaOberlaender_croped-scaled.jpg\" alt=\"\" class=\"wp-image-660\" srcset=\"https:\/\/wiegehtesdir-comics.de\/wp-content\/uploads\/2024\/09\/Sahra_MiaOberlaender_croped-scaled.jpg 2454w, https:\/\/wiegehtesdir-comics.de\/wp-content\/uploads\/2024\/09\/Sahra_MiaOberlaender_croped-288x300.jpg 288w, https:\/\/wiegehtesdir-comics.de\/wp-content\/uploads\/2024\/09\/Sahra_MiaOberlaender_croped-981x1024.jpg 981w, https:\/\/wiegehtesdir-comics.de\/wp-content\/uploads\/2024\/09\/Sahra_MiaOberlaender_croped-768x801.jpg 768w, https:\/\/wiegehtesdir-comics.de\/wp-content\/uploads\/2024\/09\/Sahra_MiaOberlaender_croped-1472x1536.jpg 1472w\" sizes=\"auto, (max-width: 2454px) 100vw, 2454px\" \/><\/figure><\/div>\n\n<div style=\"height:20px\" aria-hidden=\"true\" class=\"wp-block-spacer\"><\/div>\n\n<div class=\"wp-block-group alignwide is-layout-constrained wp-container-core-group-is-layout-ef493e3c wp-block-group-is-layout-constrained\"><p  class=\"rbc-is-hidden-on-mobile rbc-is-hidden-on-tablet\" style=\"font-size:18px\">Sahra, geboren 2002, studiert Sozialwissenschaften. Ihre Eltern stammen aus Afghanistan. Nach ihrem Abitur 2020 engagierte sie sich im Menschenrechtsaktivismus; mittlerweile besch\u00e4ftigt sie sich neben ihrem Studium mit politischer Bildungsarbeit. Als Botschafterin f\u00fcr die j\u00fcdisch-muslimische Allianz \u201eSchalom und Salam\u201c, organisiert sie Open Spaces und spricht mit Schulklassen. Sie sagt: \u201eNur wenn wir miteinander in Dialog treten, k\u00f6nnen wir als Minderheiten, als marginalisierte Gruppen, die oft schon Stereotype waren oder als S\u00fcndenbock herhalten mussten, zusammenhalten.\u201c Und: \u201eDie Leute denken oft, dass meine politische Bildungsarbeit ein Hobby ist, das mir Spa\u00df macht. Und es macht mir Spa\u00df. Aber in erster Linie ist es Existenzsicherung, ein Versuch in diesem Land klarzukommen und auch auf mich selbst aufzupassen.\u201c<br><br>Mia Oberl\u00e4nder, geboren 1995, arbeitet als Comiczeichnerin und Illustratorin in Hamburg. F\u00fcr ihr Graphic Novel-Deb\u00fct \u201eAnna\u201c (Edition Moderne, 2021) wurde sie 2021 mit dem Comicbuchpreis der Berthold Leibinger Stiftung und 2022 mit dem Sonderpreis \u201eNeue Talente\u201c Illustration beim Deutschen Jugendliteraturpreis ausgezeichnet. Der Band erz\u00e4hlt von drei Generationen au\u00dfergew\u00f6hnlicher Frauen in einer genormten Gesellschaft und wurde in mehrere Sprachen \u00fcbersetzt. Im Sommer 2023 wurde eine Theateradaption von \u201eAnna\u201c im Rahmen des \u00f6sterreichischen Jugendtheaterfestivals \u201eSchaexpir\u201c uraufgef\u00fchrt. Aktuell arbeitet Mia Oberl\u00e4nder an ihrem zweiten Langcomic. K\u00fcrzere Arbeiten und Illustrationen erschienen u. a. in der dt. Ausgabe von LE MONDE diplomatique, der franz\u00f6sischen Tageszeitung Lib\u00e9ration oder der New York Times.<\/p>\n\n<details class=\"wp-block-details alignwide is-layout-flow wp-block-details-is-layout-flow rbc-is-hidden-on-wide  rbc-is-hidden-on-desktop\"><summary>Information<\/summary><p>Sahra, geboren 2002, studiert Sozialwissenschaften. Ihre Eltern stammen aus Afghanistan. Nach ihrem Abitur 2020 engagierte sie sich im Menschenrechtsaktivismus; mittlerweile besch\u00e4ftigt sie sich neben ihrem Studium mit politischer Bildungsarbeit. Als Botschafterin f\u00fcr die j\u00fcdisch-muslimische Allianz \u201eSchalom und Salam\u201c, organisiert sie Open Spaces und spricht mit Schulklassen. Sie sagt: \u201eNur wenn wir miteinander in Dialog treten, k\u00f6nnen wir als Minderheiten, als marginalisierte Gruppen, die oft schon Stereotype waren oder als S\u00fcndenbock herhalten mussten, zusammenhalten.\u201c Und: \u201eDie Leute denken oft, dass meine politische Bildungsarbeit ein Hobby ist, das mir Spa\u00df macht. Und es macht mir Spa\u00df. Aber in erster Linie ist es Existenzsicherung, ein Versuch in diesem Land klarzukommen und auch auf mich selbst aufzupassen.\u201c<br><br>Mia Oberl\u00e4nder, geboren 1995, arbeitet als Comiczeichnerin und Illustratorin in Hamburg. F\u00fcr ihr Graphic Novel-Deb\u00fct \u201eAnna\u201c (Edition Moderne, 2021) wurde sie 2021 mit dem Comicbuchpreis der Berthold Leibinger Stiftung und 2022 mit dem Sonderpreis \u201eNeue Talente\u201c Illustration beim Deutschen Jugendliteraturpreis ausgezeichnet. Der Band erz\u00e4hlt von drei Generationen au\u00dfergew\u00f6hnlicher Frauen in einer genormten Gesellschaft und wurde in mehrere Sprachen \u00fcbersetzt. Im Sommer 2023 wurde eine Theateradaption von \u201eAnna\u201c im Rahmen des \u00f6sterreichischen Jugendtheaterfestivals \u201eSchaexpir\u201c uraufgef\u00fchrt. Aktuell arbeitet Mia Oberl\u00e4nder an ihrem zweiten Langcomic. K\u00fcrzere Arbeiten und Illustrationen erschienen u. a. in der dt. Ausgabe von LE MONDE diplomatique, der franz\u00f6sischen Tageszeitung Lib\u00e9ration oder der New York Times.<\/p><\/details><\/div>\n\n<div class=\"wp-block-group alignwide is-content-justification-space-between is-nowrap is-layout-flex wp-container-core-group-is-layout-cb46ffcb wp-block-group-is-layout-flex\"><div class=\"wp-block-group is-nowrap is-layout-flex wp-container-core-group-is-layout-6c531013 wp-block-group-is-layout-flex\"><figure class=\"wp-block-image size-full is-style-rounded\"><img loading=\"lazy\" decoding=\"async\" width=\"42\" height=\"42\" src=\"https:\/\/wiegehtesdir-comics.de\/wp-content\/uploads\/2023\/12\/Insta.png\" alt=\"\" class=\"wp-image-82\"\/><\/figure>\n\n<p class=\"has-source-serif-pro-font-family\" style=\"text-decoration:underline\"><a href=\"https:\/\/www.instagram.com\/p\/C_2qRhdMJQB\/?img_index=1\">Beitrag auf Instagram<\/a><\/p><\/div>\n\n<div class=\"wp-block-group is-nowrap is-layout-flex wp-container-core-group-is-layout-6c531013 wp-block-group-is-layout-flex\"><p class=\"has-source-serif-pro-font-family\" style=\"text-decoration:underline\"><a href=\"https:\/\/wiegehtesdir-comics.de\">Startseite<\/a><\/p>\n\n<figure class=\"wp-block-image size-full\"><a href=\"https:\/\/wiegehtesdir-comics.de\" rel=\"Startseite\"><img loading=\"lazy\" decoding=\"async\" width=\"50\" height=\"50\" src=\"https:\/\/wiegehtesdir-comics.de\/wp-content\/uploads\/2023\/12\/Home-3.png\" alt=\"\" class=\"wp-image-26\"\/><\/a><\/figure><\/div><\/div><\/div><p><\/p>","protected":false},"excerpt":{"rendered":"<p>Sahra, geboren 2002, studiert Sozialwissenschaften. Ihre Eltern stammen aus Afghanistan. Nach ihrem Abitur 2020 engagierte sie sich im Menschenrechtsaktivismus; mittlerweile besch\u00e4ftigt sie sich neben ihrem Studium mit politischer Bildungsarbeit. Als Botschafterin f\u00fcr die j\u00fcdisch-muslimische Allianz \u201eSchalom und Salam\u201c, organisiert sie Open Spaces und spricht mit Schulklassen. Sie sagt: \u201eNur wenn wir miteinander in Dialog treten, [&hellip;]<\/p>\n","protected":false},"author":2,"featured_media":660,"comment_status":"closed","ping_status":"","sticky":false,"template":"","format":"standard","meta":{"footnotes":""},"categories":[1],"tags":[],"class_list":["post-659","post","type-post","status-publish","format-standard","has-post-thumbnail","hentry","category-allgemein"],"_links":{"self":[{"href":"https:\/\/wiegehtesdir-comics.de\/index.php?rest_route=\/wp\/v2\/posts\/659","targetHints":{"allow":["GET"]}}],"collection":[{"href":"https:\/\/wiegehtesdir-comics.de\/index.php?rest_route=\/wp\/v2\/posts"}],"about":[{"href":"https:\/\/wiegehtesdir-comics.de\/index.php?rest_route=\/wp\/v2\/types\/post"}],"author":[{"embeddable":true,"href":"https:\/\/wiegehtesdir-comics.de\/index.php?rest_route=\/wp\/v2\/users\/2"}],"replies":[{"embeddable":true,"href":"https:\/\/wiegehtesdir-comics.de\/index.php?rest_route=%2Fwp%2Fv2%2Fcomments&post=659"}],"version-history":[{"count":1,"href":"https:\/\/wiegehtesdir-comics.de\/index.php?rest_route=\/wp\/v2\/posts\/659\/revisions"}],"predecessor-version":[{"id":661,"href":"https:\/\/wiegehtesdir-comics.de\/index.php?rest_route=\/wp\/v2\/posts\/659\/revisions\/661"}],"wp:featuredmedia":[{"embeddable":true,"href":"https:\/\/wiegehtesdir-comics.de\/index.php?rest_route=\/wp\/v2\/media\/660"}],"wp:attachment":[{"href":"https:\/\/wiegehtesdir-comics.de\/index.php?rest_route=%2Fwp%2Fv2%2Fmedia&parent=659"}],"wp:term":[{"taxonomy":"category","embeddable":true,"href":"https:\/\/wiegehtesdir-comics.de\/index.php?rest_route=%2Fwp%2Fv2%2Fcategories&post=659"},{"taxonomy":"post_tag","embeddable":true,"href":"https:\/\/wiegehtesdir-comics.de\/index.php?rest_route=%2Fwp%2Fv2%2Ftags&post=659"}],"curies":[{"name":"wp","href":"https:\/\/api.w.org\/{rel}","templated":true}]}}