{"id":643,"date":"2024-08-15T19:31:54","date_gmt":"2024-08-15T17:31:54","guid":{"rendered":"https:\/\/wiegehtesdir-comics.de\/?p=643"},"modified":"2024-08-15T19:31:54","modified_gmt":"2024-08-15T17:31:54","slug":"bueke-schwarz-selin","status":"publish","type":"post","link":"https:\/\/wiegehtesdir-comics.de\/?p=643","title":{"rendered":"B\u00fcke Schwarz: Selin"},"content":{"rendered":"<div class=\"wp-block-group alignfull is-layout-constrained wp-container-core-group-is-layout-4bf3f388 wp-block-group-is-layout-constrained\"><div class=\"wp-block-group alignwide has-source-serif-pro-font-family is-nowrap is-layout-flex wp-container-core-group-is-layout-6c531013 wp-block-group-is-layout-flex\" id=\"oben\"><div style=\"font-size:18px;\" class=\"wp-block-post-date\"><time datetime=\"2024-08-15T19:31:54+02:00\">15. August 2024<\/time><\/div><\/div>\n\n<div class=\"wp-block-group alignwide has-source-serif-pro-font-family is-layout-constrained wp-container-core-group-is-layout-ef493e3c wp-block-group-is-layout-constrained\" style=\"font-size:24px\"><h2 style=\"font-size:24px;font-style:normal;font-weight:600;\" class=\"alignwide wp-block-post-title\">B\u00fcke Schwarz: Selin<\/h2><\/div>\n\n<div style=\"height:20px\" aria-hidden=\"true\" class=\"wp-block-spacer\"><\/div>\n\n<div class=\"wp-block-group alignwide is-layout-constrained wp-container-core-group-is-layout-ef493e3c wp-block-group-is-layout-constrained\"><figure data-wp-context=\"{&quot;imageId&quot;:&quot;69f4ae45022e6&quot;}\" data-wp-interactive=\"core\/image\" data-wp-key=\"69f4ae45022e6\" class=\"wp-block-image alignwide size-full rbc-is-hidden-on-tablet  rbc-is-hidden-on-mobile wp-lightbox-container\"><img loading=\"lazy\" decoding=\"async\" width=\"10500\" height=\"10500\" data-wp-class--hide=\"state.isContentHidden\" data-wp-class--show=\"state.isContentVisible\" data-wp-init=\"callbacks.setButtonStyles\" data-wp-on--click=\"actions.showLightbox\" data-wp-on--load=\"callbacks.setButtonStyles\" data-wp-on-window--resize=\"callbacks.setButtonStyles\" src=\"https:\/\/wiegehtesdir-comics.de\/wp-content\/uploads\/2024\/08\/Selin_BuekeSchwarz.jpg\" alt=\"\" class=\"wp-image-644\"\/><button\n\t\t\tclass=\"lightbox-trigger\"\n\t\t\ttype=\"button\"\n\t\t\taria-haspopup=\"dialog\"\n\t\t\taria-label=\"Vergr\u00f6\u00dfern\"\n\t\t\tdata-wp-init=\"callbacks.initTriggerButton\"\n\t\t\tdata-wp-on--click=\"actions.showLightbox\"\n\t\t\tdata-wp-style--right=\"state.imageButtonRight\"\n\t\t\tdata-wp-style--top=\"state.imageButtonTop\"\n\t\t>\n\t\t\t<svg xmlns=\"http:\/\/www.w3.org\/2000\/svg\" width=\"12\" height=\"12\" fill=\"none\" viewBox=\"0 0 12 12\">\n\t\t\t\t<path fill=\"#fff\" d=\"M2 0a2 2 0 0 0-2 2v2h1.5V2a.5.5 0 0 1 .5-.5h2V0H2Zm2 10.5H2a.5.5 0 0 1-.5-.5V8H0v2a2 2 0 0 0 2 2h2v-1.5ZM8 12v-1.5h2a.5.5 0 0 0 .5-.5V8H12v2a2 2 0 0 1-2 2H8Zm2-12a2 2 0 0 1 2 2v2h-1.5V2a.5.5 0 0 0-.5-.5H8V0h2Z\" \/>\n\t\t\t<\/svg>\n\t\t<\/button><\/figure>\n\n<figure class=\"wp-block-image alignwide size-full rbc-is-hidden-on-wide  rbc-is-hidden-on-desktop\"><img loading=\"lazy\" decoding=\"async\" width=\"10500\" height=\"10500\" src=\"https:\/\/wiegehtesdir-comics.de\/wp-content\/uploads\/2024\/08\/Selin_BuekeSchwarz.jpg\" alt=\"\" class=\"wp-image-644\"\/><\/figure><\/div>\n\n<div style=\"height:20px\" aria-hidden=\"true\" class=\"wp-block-spacer\"><\/div>\n\n<div class=\"wp-block-group alignwide is-layout-constrained wp-container-core-group-is-layout-ef493e3c wp-block-group-is-layout-constrained\"><p  class=\"rbc-is-hidden-on-mobile rbc-is-hidden-on-tablet\" style=\"font-size:18px\">Selin studierte Politik und Recht in Erlangen. Sie ist im Bereich des Projektmanagements t\u00e4tig und ist zugleich Dozentin. Ihre Forschungsschwerpunkte liegen in folgenden Bereichen: Diversit\u00e4t und Inklusive, Resilienz- und Empowermentstrategien sowie Diasporische Identit\u00e4ten. Nach ihrem Masterabschluss arbeitete sie in unterschiedlichen Unternehmen, u. a. in der Interessenvertretung und Strategieentwicklung in Bezug auf Diversit\u00e4t. Sie lebt in Berlin.<br><br>B\u00fcke Schwarz, geboren 1988 in Berlin, wo sie heute auch lebt, studierte Bildende Kunst, Design und Film an der Universit\u00e4t der K\u00fcnste Berlin (UdK Berlin) und an der University of the Arts London. Ihren Abschluss erhielt sie an der UdK Berlin als Meistersch\u00fclerin von Val\u00e9rie Favre. Zus\u00e4tzlich erwarb sie einen Master in Kommunikationsdesign mit dem Schwerpunkt Sequentielle Bilderz\u00e4hlung an der Hochschule der Bildenden K\u00fcnste Saar. In ihren Arbeiten nimmt sie h\u00e4ufig Bezug auf Kunst und Politik und entf\u00fchrt die Bertrachter*innen dabei in narrative Bilderwelten. F\u00fcr ihre autofiktionale Graphic Novel \u201eJein\u201c (Jaja Verlag, 2020), erhielt sie den Ginco Award in der Kategorie \u201eBester Langcomic\u201c. 2021 ver\u00f6ffentlichte sie den Kurzcomic \u201eLudwig Meidner \u2013 Sehen Lernen\u201c in der Comic-Anthologie \u201eN\u00e4chstes Jahr in \u2013 Comics und Episoden des j\u00fcdischen Lebens\u201c (Ventil Verlag, 2021). Seit Mai 2022 hat sie die k\u00fcnstlerische Leitung im Bereich Radierung an der UdK Berlin. Ihre neusten Projekte umfassten Arbeiten u. a. f\u00fcr die Yorck Kinos, f\u00fcr das Volkskundemuseum Wien und f\u00fcr das Theatermuseum D\u00fcsseldorf. <a href=\"http:\/\/www.buekeschwarz.com\">www.buekeschwarz.com<\/a><\/p>\n\n<details class=\"wp-block-details alignwide is-layout-flow wp-block-details-is-layout-flow rbc-is-hidden-on-wide  rbc-is-hidden-on-desktop\"><summary>Information<\/summary><p>Selin studierte Politik und Recht in Erlangen. Sie ist im Bereich des Projektmanagements t\u00e4tig und ist zugleich Dozentin. Ihre Forschungsschwerpunkte liegen in folgenden Bereichen: Diversit\u00e4t und Inklusive, Resilienz- und Empowermentstrategien sowie Diasporische Identit\u00e4ten. Nach ihrem Masterabschluss arbeitete sie in unterschiedlichen Unternehmen, u. a. in der Interessenvertretung und Strategieentwicklung in Bezug auf Diversit\u00e4t. Sie lebt in Berlin.<br><br>B\u00fcke Schwarz, geboren 1988 in Berlin, wo sie heute auch lebt, studierte Bildende Kunst, Design und Film an der Universit\u00e4t der K\u00fcnste Berlin (UdK Berlin) und an der University of the Arts London. Ihren Abschluss erhielt sie an der UdK Berlin als Meistersch\u00fclerin von Val\u00e9rie Favre. Zus\u00e4tzlich erwarb sie einen Master in Kommunikationsdesign mit dem Schwerpunkt Sequentielle Bilderz\u00e4hlung an der Hochschule der Bildenden K\u00fcnste Saar. In ihren Arbeiten nimmt sie h\u00e4ufig Bezug auf Kunst und Politik und entf\u00fchrt die Bertrachter*innen dabei in narrative Bilderwelten. F\u00fcr ihre autofiktionale Graphic Novel \u201eJein\u201c (Jaja Verlag, 2020), erhielt sie den Ginco Award in der Kategorie \u201eBester Langcomic\u201c. 2021 ver\u00f6ffentlichte sie den Kurzcomic \u201eLudwig Meidner \u2013 Sehen Lernen\u201c in der Comic-Anthologie \u201eN\u00e4chstes Jahr in \u2013 Comics und Episoden des j\u00fcdischen Lebens\u201c (Ventil Verlag, 2021). Seit Mai 2022 hat sie die k\u00fcnstlerische Leitung im Bereich Radierung an der UdK Berlin. Ihre neusten Projekte umfassten Arbeiten u. a. f\u00fcr die Yorck Kinos, f\u00fcr das Volkskundemuseum Wien und f\u00fcr das Theatermuseum D\u00fcsseldorf. <a href=\"http:\/\/www.buekeschwarz.com\">www.buekeschwarz.com<\/a><\/p><\/details><\/div>\n\n<div class=\"wp-block-group alignwide is-content-justification-space-between is-nowrap is-layout-flex wp-container-core-group-is-layout-cb46ffcb wp-block-group-is-layout-flex\"><div class=\"wp-block-group is-nowrap is-layout-flex wp-container-core-group-is-layout-6c531013 wp-block-group-is-layout-flex\"><figure class=\"wp-block-image size-full is-style-rounded\"><img loading=\"lazy\" decoding=\"async\" width=\"42\" height=\"42\" src=\"https:\/\/wiegehtesdir-comics.de\/wp-content\/uploads\/2023\/12\/Insta.png\" alt=\"\" class=\"wp-image-82\"\/><\/figure>\n\n<p class=\"has-source-serif-pro-font-family\" style=\"text-decoration:underline\"><a href=\"https:\/\/www.instagram.com\/p\/C-nP9AmMRv7\/?img_index=1\">Beitrag auf Instagram<\/a><\/p><\/div>\n\n<div class=\"wp-block-group is-nowrap is-layout-flex wp-container-core-group-is-layout-6c531013 wp-block-group-is-layout-flex\"><p class=\"has-source-serif-pro-font-family\" style=\"text-decoration:underline\"><a href=\"https:\/\/wiegehtesdir-comics.de\">Startseite<\/a><\/p>\n\n<figure class=\"wp-block-image size-full\"><a href=\"https:\/\/wiegehtesdir-comics.de\" rel=\"Startseite\"><img loading=\"lazy\" decoding=\"async\" width=\"50\" height=\"50\" src=\"https:\/\/wiegehtesdir-comics.de\/wp-content\/uploads\/2023\/12\/Home-3.png\" alt=\"\" class=\"wp-image-26\"\/><\/a><\/figure><\/div><\/div><\/div><p><\/p>","protected":false},"excerpt":{"rendered":"<p>Selin studierte Politik und Recht in Erlangen. Sie ist im Bereich des Projektmanagements t\u00e4tig und ist zugleich Dozentin. Ihre Forschungsschwerpunkte liegen in folgenden Bereichen: Diversit\u00e4t und Inklusive, Resilienz- und Empowermentstrategien sowie Diasporische Identit\u00e4ten. Nach ihrem Masterabschluss arbeitete sie in unterschiedlichen Unternehmen, u. a. in der Interessenvertretung und Strategieentwicklung in Bezug auf Diversit\u00e4t. Sie lebt in [&hellip;]<\/p>\n","protected":false},"author":2,"featured_media":644,"comment_status":"closed","ping_status":"","sticky":false,"template":"","format":"standard","meta":{"footnotes":""},"categories":[1],"tags":[],"class_list":["post-643","post","type-post","status-publish","format-standard","has-post-thumbnail","hentry","category-allgemein"],"_links":{"self":[{"href":"https:\/\/wiegehtesdir-comics.de\/index.php?rest_route=\/wp\/v2\/posts\/643","targetHints":{"allow":["GET"]}}],"collection":[{"href":"https:\/\/wiegehtesdir-comics.de\/index.php?rest_route=\/wp\/v2\/posts"}],"about":[{"href":"https:\/\/wiegehtesdir-comics.de\/index.php?rest_route=\/wp\/v2\/types\/post"}],"author":[{"embeddable":true,"href":"https:\/\/wiegehtesdir-comics.de\/index.php?rest_route=\/wp\/v2\/users\/2"}],"replies":[{"embeddable":true,"href":"https:\/\/wiegehtesdir-comics.de\/index.php?rest_route=%2Fwp%2Fv2%2Fcomments&post=643"}],"version-history":[{"count":1,"href":"https:\/\/wiegehtesdir-comics.de\/index.php?rest_route=\/wp\/v2\/posts\/643\/revisions"}],"predecessor-version":[{"id":645,"href":"https:\/\/wiegehtesdir-comics.de\/index.php?rest_route=\/wp\/v2\/posts\/643\/revisions\/645"}],"wp:featuredmedia":[{"embeddable":true,"href":"https:\/\/wiegehtesdir-comics.de\/index.php?rest_route=\/wp\/v2\/media\/644"}],"wp:attachment":[{"href":"https:\/\/wiegehtesdir-comics.de\/index.php?rest_route=%2Fwp%2Fv2%2Fmedia&parent=643"}],"wp:term":[{"taxonomy":"category","embeddable":true,"href":"https:\/\/wiegehtesdir-comics.de\/index.php?rest_route=%2Fwp%2Fv2%2Fcategories&post=643"},{"taxonomy":"post_tag","embeddable":true,"href":"https:\/\/wiegehtesdir-comics.de\/index.php?rest_route=%2Fwp%2Fv2%2Ftags&post=643"}],"curies":[{"name":"wp","href":"https:\/\/api.w.org\/{rel}","templated":true}]}}