{"id":632,"date":"2024-07-21T20:14:33","date_gmt":"2024-07-21T18:14:33","guid":{"rendered":"https:\/\/wiegehtesdir-comics.de\/?p=632"},"modified":"2024-07-21T20:14:33","modified_gmt":"2024-07-21T18:14:33","slug":"aike-arndt-nazim","status":"publish","type":"post","link":"https:\/\/wiegehtesdir-comics.de\/?p=632","title":{"rendered":"Aike Arndt: Nazim"},"content":{"rendered":"<div class=\"wp-block-group alignfull is-layout-constrained wp-container-core-group-is-layout-4bf3f388 wp-block-group-is-layout-constrained\"><div class=\"wp-block-group alignwide has-source-serif-pro-font-family is-nowrap is-layout-flex wp-container-core-group-is-layout-6c531013 wp-block-group-is-layout-flex\" id=\"oben\"><div style=\"font-size:18px;\" class=\"wp-block-post-date\"><time datetime=\"2024-07-21T20:14:33+02:00\">21. Juli 2024<\/time><\/div><\/div>\n\n<div class=\"wp-block-group alignwide has-source-serif-pro-font-family is-layout-constrained wp-container-core-group-is-layout-ef493e3c wp-block-group-is-layout-constrained\" style=\"font-size:24px\"><h2 style=\"font-size:24px;font-style:normal;font-weight:600;\" class=\"alignwide wp-block-post-title\">Aike Arndt: Nazim<\/h2><\/div>\n\n<div style=\"height:20px\" aria-hidden=\"true\" class=\"wp-block-spacer\"><\/div>\n\n<div class=\"wp-block-group alignwide is-layout-constrained wp-container-core-group-is-layout-ef493e3c wp-block-group-is-layout-constrained\"><figure data-wp-context=\"{&quot;imageId&quot;:&quot;69f4afb07737d&quot;}\" data-wp-interactive=\"core\/image\" data-wp-key=\"69f4afb07737d\" class=\"wp-block-image alignwide size-full rbc-is-hidden-on-tablet  rbc-is-hidden-on-mobile wp-lightbox-container\"><img loading=\"lazy\" decoding=\"async\" width=\"2463\" height=\"2560\" data-wp-class--hide=\"state.isContentHidden\" data-wp-class--show=\"state.isContentVisible\" data-wp-init=\"callbacks.setButtonStyles\" data-wp-on--click=\"actions.showLightbox\" data-wp-on--load=\"callbacks.setButtonStyles\" data-wp-on-window--resize=\"callbacks.setButtonStyles\" src=\"https:\/\/wiegehtesdir-comics.de\/wp-content\/uploads\/2024\/07\/Nazim_AikeArndt_croped-scaled.jpg\" alt=\"\" class=\"wp-image-633\" srcset=\"https:\/\/wiegehtesdir-comics.de\/wp-content\/uploads\/2024\/07\/Nazim_AikeArndt_croped-scaled.jpg 2463w, https:\/\/wiegehtesdir-comics.de\/wp-content\/uploads\/2024\/07\/Nazim_AikeArndt_croped-289x300.jpg 289w, https:\/\/wiegehtesdir-comics.de\/wp-content\/uploads\/2024\/07\/Nazim_AikeArndt_croped-985x1024.jpg 985w, https:\/\/wiegehtesdir-comics.de\/wp-content\/uploads\/2024\/07\/Nazim_AikeArndt_croped-768x798.jpg 768w, https:\/\/wiegehtesdir-comics.de\/wp-content\/uploads\/2024\/07\/Nazim_AikeArndt_croped-1478x1536.jpg 1478w, https:\/\/wiegehtesdir-comics.de\/wp-content\/uploads\/2024\/07\/Nazim_AikeArndt_croped-1971x2048.jpg 1971w\" sizes=\"auto, (max-width: 2463px) 100vw, 2463px\" \/><button\n\t\t\tclass=\"lightbox-trigger\"\n\t\t\ttype=\"button\"\n\t\t\taria-haspopup=\"dialog\"\n\t\t\taria-label=\"Vergr\u00f6\u00dfern\"\n\t\t\tdata-wp-init=\"callbacks.initTriggerButton\"\n\t\t\tdata-wp-on--click=\"actions.showLightbox\"\n\t\t\tdata-wp-style--right=\"state.imageButtonRight\"\n\t\t\tdata-wp-style--top=\"state.imageButtonTop\"\n\t\t>\n\t\t\t<svg xmlns=\"http:\/\/www.w3.org\/2000\/svg\" width=\"12\" height=\"12\" fill=\"none\" viewBox=\"0 0 12 12\">\n\t\t\t\t<path fill=\"#fff\" d=\"M2 0a2 2 0 0 0-2 2v2h1.5V2a.5.5 0 0 1 .5-.5h2V0H2Zm2 10.5H2a.5.5 0 0 1-.5-.5V8H0v2a2 2 0 0 0 2 2h2v-1.5ZM8 12v-1.5h2a.5.5 0 0 0 .5-.5V8H12v2a2 2 0 0 1-2 2H8Zm2-12a2 2 0 0 1 2 2v2h-1.5V2a.5.5 0 0 0-.5-.5H8V0h2Z\" \/>\n\t\t\t<\/svg>\n\t\t<\/button><\/figure>\n\n<figure class=\"wp-block-image alignwide size-full rbc-is-hidden-on-wide  rbc-is-hidden-on-desktop\"><img loading=\"lazy\" decoding=\"async\" width=\"2463\" height=\"2560\" src=\"https:\/\/wiegehtesdir-comics.de\/wp-content\/uploads\/2024\/07\/Nazim_AikeArndt_croped-scaled.jpg\" alt=\"\" class=\"wp-image-633\" srcset=\"https:\/\/wiegehtesdir-comics.de\/wp-content\/uploads\/2024\/07\/Nazim_AikeArndt_croped-scaled.jpg 2463w, https:\/\/wiegehtesdir-comics.de\/wp-content\/uploads\/2024\/07\/Nazim_AikeArndt_croped-289x300.jpg 289w, https:\/\/wiegehtesdir-comics.de\/wp-content\/uploads\/2024\/07\/Nazim_AikeArndt_croped-985x1024.jpg 985w, https:\/\/wiegehtesdir-comics.de\/wp-content\/uploads\/2024\/07\/Nazim_AikeArndt_croped-768x798.jpg 768w, https:\/\/wiegehtesdir-comics.de\/wp-content\/uploads\/2024\/07\/Nazim_AikeArndt_croped-1478x1536.jpg 1478w, https:\/\/wiegehtesdir-comics.de\/wp-content\/uploads\/2024\/07\/Nazim_AikeArndt_croped-1971x2048.jpg 1971w\" sizes=\"auto, (max-width: 2463px) 100vw, 2463px\" \/><\/figure><\/div>\n\n<div style=\"height:20px\" aria-hidden=\"true\" class=\"wp-block-spacer\"><\/div>\n\n<div class=\"wp-block-group alignwide is-layout-constrained wp-container-core-group-is-layout-ef493e3c wp-block-group-is-layout-constrained\"><p  class=\"rbc-is-hidden-on-mobile rbc-is-hidden-on-tablet\" style=\"font-size:18px\">Nazim ist das Pseudonym eines pal\u00e4stinensische Musikers, der seit vier Jahren in Deutschland lebt. Aike Arndt, geboren 1980 in Neuss, lebt in Berlin. Nach dem Abschluss seines Designstudiums an der Fachhochschule M\u00fcnster mit Schwerpunkt Illustration arbeitet er als freier Illustrator und Comiczeichner. Bei Zwerchfell erschienen \u201eDie Zeit und Gott\u201c (2010), \u201eDas Nichts und Gott\u201c (2015) und \u201eDer Mensch und Gott\u201c (2023). F\u00fcr das 30-j\u00e4hrige Jubil\u00e4um des Zwerchfell Verlags hat Aike Arndt die Verlags-Biographie festgehalten. 2021 erschien \u201eDer Schatten\u201c nach einem M\u00e4rchen von Hans Christian Andersen in der Reihe \u201eDie Unheimlichen\u201c im Carlsen Verlag. <a href=\"http:\/\/www.aikearndt.de\">www.aikearndt.de<\/a><\/p>\n\n<details class=\"wp-block-details alignwide is-layout-flow wp-block-details-is-layout-flow rbc-is-hidden-on-wide  rbc-is-hidden-on-desktop\"><summary>Information<\/summary><p>Nazim ist das Pseudonym eines pal\u00e4stinensische Musikers, der seit vier Jahren in Deutschland lebt. Aike Arndt, geboren 1980 in Neuss, lebt in Berlin. Nach dem Abschluss seines Designstudiums an der Fachhochschule M\u00fcnster mit Schwerpunkt Illustration arbeitet er als freier Illustrator und Comiczeichner. Bei Zwerchfell erschienen \u201eDie Zeit und Gott\u201c (2010), \u201eDas Nichts und Gott\u201c (2015) und \u201eDer Mensch und Gott\u201c (2023). F\u00fcr das 30-j\u00e4hrige Jubil\u00e4um des Zwerchfell Verlags hat Aike Arndt die Verlags-Biographie festgehalten. 2021 erschien \u201eDer Schatten\u201c nach einem M\u00e4rchen von Hans Christian Andersen in der Reihe \u201eDie Unheimlichen\u201c im Carlsen Verlag. <a href=\"http:\/\/www.aikearndt.de\">www.aikearndt.de<\/a><\/p><\/details><\/div>\n\n<div class=\"wp-block-group alignwide is-content-justification-space-between is-nowrap is-layout-flex wp-container-core-group-is-layout-cb46ffcb wp-block-group-is-layout-flex\"><div class=\"wp-block-group is-nowrap is-layout-flex wp-container-core-group-is-layout-6c531013 wp-block-group-is-layout-flex\"><figure class=\"wp-block-image size-full is-style-rounded\"><img loading=\"lazy\" decoding=\"async\" width=\"42\" height=\"42\" src=\"https:\/\/wiegehtesdir-comics.de\/wp-content\/uploads\/2023\/12\/Insta.png\" alt=\"\" class=\"wp-image-82\"\/><\/figure>\n\n<p class=\"has-source-serif-pro-font-family\" style=\"text-decoration:underline\"><a href=\"https:\/\/www.instagram.com\/p\/C9mKYElsC9t\/?img_index=1\">Beitrag auf Instagram<\/a><\/p><\/div>\n\n<div class=\"wp-block-group is-nowrap is-layout-flex wp-container-core-group-is-layout-6c531013 wp-block-group-is-layout-flex\"><p class=\"has-source-serif-pro-font-family\" style=\"text-decoration:underline\"><a href=\"https:\/\/wiegehtesdir-comics.de\">Startseite<\/a><\/p>\n\n<figure class=\"wp-block-image size-full\"><a href=\"https:\/\/wiegehtesdir-comics.de\" rel=\"Startseite\"><img loading=\"lazy\" decoding=\"async\" width=\"50\" height=\"50\" src=\"https:\/\/wiegehtesdir-comics.de\/wp-content\/uploads\/2023\/12\/Home-3.png\" alt=\"\" class=\"wp-image-26\"\/><\/a><\/figure><\/div><\/div><\/div>","protected":false},"excerpt":{"rendered":"<p>Nazim ist das Pseudonym eines pal\u00e4stinensische Musikers, der seit vier Jahren in Deutschland lebt. Aike Arndt, geboren 1980 in Neuss, lebt in Berlin. Nach dem Abschluss seines Designstudiums an der Fachhochschule M\u00fcnster mit Schwerpunkt Illustration arbeitet er als freier Illustrator und Comiczeichner. Bei Zwerchfell erschienen \u201eDie Zeit und Gott\u201c (2010), \u201eDas Nichts und Gott\u201c (2015) [&hellip;]<\/p>\n","protected":false},"author":2,"featured_media":633,"comment_status":"closed","ping_status":"","sticky":false,"template":"","format":"standard","meta":{"footnotes":""},"categories":[1],"tags":[],"class_list":["post-632","post","type-post","status-publish","format-standard","has-post-thumbnail","hentry","category-allgemein"],"_links":{"self":[{"href":"https:\/\/wiegehtesdir-comics.de\/index.php?rest_route=\/wp\/v2\/posts\/632","targetHints":{"allow":["GET"]}}],"collection":[{"href":"https:\/\/wiegehtesdir-comics.de\/index.php?rest_route=\/wp\/v2\/posts"}],"about":[{"href":"https:\/\/wiegehtesdir-comics.de\/index.php?rest_route=\/wp\/v2\/types\/post"}],"author":[{"embeddable":true,"href":"https:\/\/wiegehtesdir-comics.de\/index.php?rest_route=\/wp\/v2\/users\/2"}],"replies":[{"embeddable":true,"href":"https:\/\/wiegehtesdir-comics.de\/index.php?rest_route=%2Fwp%2Fv2%2Fcomments&post=632"}],"version-history":[{"count":1,"href":"https:\/\/wiegehtesdir-comics.de\/index.php?rest_route=\/wp\/v2\/posts\/632\/revisions"}],"predecessor-version":[{"id":634,"href":"https:\/\/wiegehtesdir-comics.de\/index.php?rest_route=\/wp\/v2\/posts\/632\/revisions\/634"}],"wp:featuredmedia":[{"embeddable":true,"href":"https:\/\/wiegehtesdir-comics.de\/index.php?rest_route=\/wp\/v2\/media\/633"}],"wp:attachment":[{"href":"https:\/\/wiegehtesdir-comics.de\/index.php?rest_route=%2Fwp%2Fv2%2Fmedia&parent=632"}],"wp:term":[{"taxonomy":"category","embeddable":true,"href":"https:\/\/wiegehtesdir-comics.de\/index.php?rest_route=%2Fwp%2Fv2%2Fcategories&post=632"},{"taxonomy":"post_tag","embeddable":true,"href":"https:\/\/wiegehtesdir-comics.de\/index.php?rest_route=%2Fwp%2Fv2%2Ftags&post=632"}],"curies":[{"name":"wp","href":"https:\/\/api.w.org\/{rel}","templated":true}]}}