{"id":616,"date":"2024-07-02T18:58:41","date_gmt":"2024-07-02T16:58:41","guid":{"rendered":"https:\/\/wiegehtesdir-comics.de\/?p=616"},"modified":"2024-07-02T19:00:32","modified_gmt":"2024-07-02T17:00:32","slug":"michael-jordan-meron-mendel","status":"publish","type":"post","link":"https:\/\/wiegehtesdir-comics.de\/?p=616","title":{"rendered":"Michael Jordan: Meron Mendel"},"content":{"rendered":"<div class=\"wp-block-group alignfull is-layout-constrained wp-container-core-group-is-layout-4bf3f388 wp-block-group-is-layout-constrained\"><div class=\"wp-block-group alignwide has-source-serif-pro-font-family is-nowrap is-layout-flex wp-container-core-group-is-layout-6c531013 wp-block-group-is-layout-flex\" id=\"oben\"><div style=\"font-size:18px;\" class=\"wp-block-post-date\"><time datetime=\"2024-07-02T18:58:41+02:00\">2. Juli 2024<\/time><\/div><\/div>\n\n<div class=\"wp-block-group alignwide has-source-serif-pro-font-family is-layout-constrained wp-container-core-group-is-layout-ef493e3c wp-block-group-is-layout-constrained\" style=\"font-size:24px\"><h2 style=\"font-size:24px;font-style:normal;font-weight:600;\" class=\"alignwide wp-block-post-title\">Michael Jordan: Meron Mendel<\/h2><\/div>\n\n<div style=\"height:20px\" aria-hidden=\"true\" class=\"wp-block-spacer\"><\/div>\n\n<div class=\"wp-block-group alignwide is-layout-constrained wp-container-core-group-is-layout-ef493e3c wp-block-group-is-layout-constrained\"><figure data-wp-context=\"{&quot;imageId&quot;:&quot;69f4aeb083783&quot;}\" data-wp-interactive=\"core\/image\" data-wp-key=\"69f4aeb083783\" class=\"wp-block-image alignwide size-full rbc-is-hidden-on-tablet  rbc-is-hidden-on-mobile wp-lightbox-container\"><img loading=\"lazy\" decoding=\"async\" width=\"2498\" height=\"2560\" data-wp-class--hide=\"state.isContentHidden\" data-wp-class--show=\"state.isContentVisible\" data-wp-init=\"callbacks.setButtonStyles\" data-wp-on--click=\"actions.showLightbox\" data-wp-on--load=\"callbacks.setButtonStyles\" data-wp-on-window--resize=\"callbacks.setButtonStyles\" src=\"https:\/\/wiegehtesdir-comics.de\/wp-content\/uploads\/2024\/07\/MeronMendel_MichaelJordan_RGB_croped-scaled.jpg\" alt=\"\" class=\"wp-image-617\" srcset=\"https:\/\/wiegehtesdir-comics.de\/wp-content\/uploads\/2024\/07\/MeronMendel_MichaelJordan_RGB_croped-scaled.jpg 2498w, https:\/\/wiegehtesdir-comics.de\/wp-content\/uploads\/2024\/07\/MeronMendel_MichaelJordan_RGB_croped-293x300.jpg 293w, https:\/\/wiegehtesdir-comics.de\/wp-content\/uploads\/2024\/07\/MeronMendel_MichaelJordan_RGB_croped-999x1024.jpg 999w, https:\/\/wiegehtesdir-comics.de\/wp-content\/uploads\/2024\/07\/MeronMendel_MichaelJordan_RGB_croped-768x787.jpg 768w, https:\/\/wiegehtesdir-comics.de\/wp-content\/uploads\/2024\/07\/MeronMendel_MichaelJordan_RGB_croped-1499x1536.jpg 1499w, https:\/\/wiegehtesdir-comics.de\/wp-content\/uploads\/2024\/07\/MeronMendel_MichaelJordan_RGB_croped-1998x2048.jpg 1998w\" sizes=\"auto, (max-width: 2498px) 100vw, 2498px\" \/><button\n\t\t\tclass=\"lightbox-trigger\"\n\t\t\ttype=\"button\"\n\t\t\taria-haspopup=\"dialog\"\n\t\t\taria-label=\"Vergr\u00f6\u00dfern\"\n\t\t\tdata-wp-init=\"callbacks.initTriggerButton\"\n\t\t\tdata-wp-on--click=\"actions.showLightbox\"\n\t\t\tdata-wp-style--right=\"state.imageButtonRight\"\n\t\t\tdata-wp-style--top=\"state.imageButtonTop\"\n\t\t>\n\t\t\t<svg xmlns=\"http:\/\/www.w3.org\/2000\/svg\" width=\"12\" height=\"12\" fill=\"none\" viewBox=\"0 0 12 12\">\n\t\t\t\t<path fill=\"#fff\" d=\"M2 0a2 2 0 0 0-2 2v2h1.5V2a.5.5 0 0 1 .5-.5h2V0H2Zm2 10.5H2a.5.5 0 0 1-.5-.5V8H0v2a2 2 0 0 0 2 2h2v-1.5ZM8 12v-1.5h2a.5.5 0 0 0 .5-.5V8H12v2a2 2 0 0 1-2 2H8Zm2-12a2 2 0 0 1 2 2v2h-1.5V2a.5.5 0 0 0-.5-.5H8V0h2Z\" \/>\n\t\t\t<\/svg>\n\t\t<\/button><\/figure>\n\n<figure class=\"wp-block-image alignwide size-full rbc-is-hidden-on-wide  rbc-is-hidden-on-desktop\"><img loading=\"lazy\" decoding=\"async\" width=\"2498\" height=\"2560\" src=\"https:\/\/wiegehtesdir-comics.de\/wp-content\/uploads\/2024\/07\/MeronMendel_MichaelJordan_RGB_croped-scaled.jpg\" alt=\"\" class=\"wp-image-617\" srcset=\"https:\/\/wiegehtesdir-comics.de\/wp-content\/uploads\/2024\/07\/MeronMendel_MichaelJordan_RGB_croped-scaled.jpg 2498w, https:\/\/wiegehtesdir-comics.de\/wp-content\/uploads\/2024\/07\/MeronMendel_MichaelJordan_RGB_croped-293x300.jpg 293w, https:\/\/wiegehtesdir-comics.de\/wp-content\/uploads\/2024\/07\/MeronMendel_MichaelJordan_RGB_croped-999x1024.jpg 999w, https:\/\/wiegehtesdir-comics.de\/wp-content\/uploads\/2024\/07\/MeronMendel_MichaelJordan_RGB_croped-768x787.jpg 768w, https:\/\/wiegehtesdir-comics.de\/wp-content\/uploads\/2024\/07\/MeronMendel_MichaelJordan_RGB_croped-1499x1536.jpg 1499w, https:\/\/wiegehtesdir-comics.de\/wp-content\/uploads\/2024\/07\/MeronMendel_MichaelJordan_RGB_croped-1998x2048.jpg 1998w\" sizes=\"auto, (max-width: 2498px) 100vw, 2498px\" \/><\/figure><\/div>\n\n<div style=\"height:20px\" aria-hidden=\"true\" class=\"wp-block-spacer\"><\/div>\n\n<div class=\"wp-block-group alignwide is-layout-constrained wp-container-core-group-is-layout-ef493e3c wp-block-group-is-layout-constrained\"><p  class=\"rbc-is-hidden-on-mobile rbc-is-hidden-on-tablet\" style=\"font-size:18px\">Am 25.02.2024 war Meron Mendel anl\u00e4sslich seines Buches \u201e\u00dcber Israel reden. Eine deutsche Debatte\u201c zu Lesung und Gespr\u00e4ch mit Korbinian Frenzel in Erlangen zu Gast. Michael Jordan hat bei der Veranstaltung gezeichnet.<br><br>Meron Mendel, geboren 1976 in Israel, wuchs in einem Kibbuz auf, studierte in Haifa und in M\u00fcnchen P\u00e4dagogik und J\u00fcdische Geschichte, promovierte in Frankfurt und ist heute Professor f\u00fcr Soziale Arbeit an der Frankfurt University of Applied Sciences. Die ersten 25 Jahre seines Lebens verbrachte er in Israel und engagierte sich schon fr\u00fch politisch, insbesondere im j\u00fcdisch-pal\u00e4stinensischen Dialog. Seit 2003 lebt er in Frankfurt a. M., seine Lehrveranstaltungen umfassen u. a. die Themen Demokratiebildung, Migrationsgesellschaft und Menschenrechte. 2010 \u00fcbernahm er die Leitung der @bsannefrank, mittlerweile eine der bundesweit f\u00fchrenden Organisationen in der Bek\u00e4mpfung von Rassismus, Antisemitismus und Rechtsextremismus. Er ver\u00f6ffentlicht B\u00fccher, Fachpublikationen und Zeitungsbeitr\u00e4ge, in denen er sich nicht davor scheut, die Finger in die Wunden zu legen und klare Kante gegen neurechte Positionen zu zeigen. <a href=\"http:\/\/www.meronmendel.de\">www.meronmendel.de<\/a><br><br>Michael Jordan, geboren 1972 in Erlangen, lebt als Zeichner, Druckgrafiker und Kurator in Erlangen. Er studierte Medienillustration in Hamburg, anschlie\u00dfend Druckgrafik an der Universit\u00e4t f\u00fcr Angewandte Kunst in Wien. 2002 war er UNESCO Stipendiat an der Faculty of Fine Arts in Chiang Mai, Thailand. Seit 2003 ist er Mitglied der K\u00fcnstler*innengruppe Tonto aus Graz. Von 2008 bis 2010 lehrte er Illustration an der HfG Offenbach und von 2013 bis 2014 sowie im Jahr 2020 Zeichnung und Druckgrafik am Middlebury College in Vermont, USA. 2017 war er Styria-Artist-in-Residence in Graz. 2022 wurde er mit dem Kulturpreis der Stadt Erlangen ausgezeichnet. Sein Comic \u201eWarum wir m\u00fcde sind\u201c (avant-verlag, 2020) erschien 2023 auf Franz\u00f6sisch bei Editions Fr\u00e9mok. Michael Jordan geh\u00f6rt zu den Initiator*innen des Projekts \u201eWie geht es dir?\u201c. <a href=\"http:\/\/www.ansichten-des-jordan.de\">www.ansichten-des-jordan.de<\/a><\/p>\n\n<details class=\"wp-block-details alignwide is-layout-flow wp-block-details-is-layout-flow rbc-is-hidden-on-wide  rbc-is-hidden-on-desktop\"><summary>Information<\/summary><p  class=\"rbc-is-hidden-on-mobile rbc-is-hidden-on-tablet\" style=\"font-size:18px\">Am 25.02.2024 war Meron Mendel anl\u00e4sslich seines Buches \u201e\u00dcber Israel reden. Eine deutsche Debatte\u201c zu Lesung und Gespr\u00e4ch mit Korbinian Frenzel in Erlangen zu Gast. Michael Jordan hat bei der Veranstaltung gezeichnet.<\/p>\n\n<p>Meron Mendel, geboren 1976 in Israel, wuchs in einem Kibbuz auf, studierte in Haifa und in M\u00fcnchen P\u00e4dagogik und J\u00fcdische Geschichte, promovierte in Frankfurt und ist heute Professor f\u00fcr Soziale Arbeit an der Frankfurt University of Applied Sciences. Die ersten 25 Jahre seines Lebens verbrachte er in Israel und engagierte sich schon fr\u00fch politisch, insbesondere im j\u00fcdisch-pal\u00e4stinensischen Dialog. Seit 2003 lebt er in Frankfurt a. M., seine Lehrveranstaltungen umfassen u. a. die Themen Demokratiebildung, Migrationsgesellschaft und Menschenrechte. 2010 \u00fcbernahm er die Leitung der @bsannefrank, mittlerweile eine der bundesweit f\u00fchrenden Organisationen in der Bek\u00e4mpfung von Rassismus, Antisemitismus und Rechtsextremismus. Er ver\u00f6ffentlicht B\u00fccher, Fachpublikationen und Zeitungsbeitr\u00e4ge, in denen er sich nicht davor scheut, die Finger in die Wunden zu legen und klare Kante gegen neurechte Positionen zu zeigen. <a href=\"http:\/\/www.meronmendel.de\">www.meronmendel.de<\/a><br><br>Michael Jordan, geboren 1972 in Erlangen, lebt als Zeichner, Druckgrafiker und Kurator in Erlangen. Er studierte Medienillustration in Hamburg, anschlie\u00dfend Druckgrafik an der Universit\u00e4t f\u00fcr Angewandte Kunst in Wien. 2002 war er UNESCO Stipendiat an der Faculty of Fine Arts in Chiang Mai, Thailand. Seit 2003 ist er Mitglied der K\u00fcnstler*innengruppe Tonto aus Graz. Von 2008 bis 2010 lehrte er Illustration an der HfG Offenbach und von 2013 bis 2014 sowie im Jahr 2020 Zeichnung und Druckgrafik am Middlebury College in Vermont, USA. 2017 war er Styria-Artist-in-Residence in Graz. 2022 wurde er mit dem Kulturpreis der Stadt Erlangen ausgezeichnet. Sein Comic \u201eWarum wir m\u00fcde sind\u201c (avant-verlag, 2020) erschien 2023 auf Franz\u00f6sisch bei Editions Fr\u00e9mok. Michael Jordan geh\u00f6rt zu den Initiator*innen des Projekts \u201eWie geht es dir?\u201c. <a href=\"http:\/\/www.ansichten-des-jordan.de\">www.ansichten-des-jordan.de<\/a><\/p><\/details><\/div>\n\n<div class=\"wp-block-group alignwide is-content-justification-space-between is-nowrap is-layout-flex wp-container-core-group-is-layout-cb46ffcb wp-block-group-is-layout-flex\"><div class=\"wp-block-group is-nowrap is-layout-flex wp-container-core-group-is-layout-6c531013 wp-block-group-is-layout-flex\"><figure class=\"wp-block-image size-full is-style-rounded\"><img loading=\"lazy\" decoding=\"async\" width=\"42\" height=\"42\" src=\"https:\/\/wiegehtesdir-comics.de\/wp-content\/uploads\/2023\/12\/Insta.png\" alt=\"\" class=\"wp-image-82\"\/><\/figure>\n\n<p class=\"has-source-serif-pro-font-family\" style=\"text-decoration:underline\"><a href=\"https:\/\/www.instagram.com\/p\/C87X1YpM8Zl\/?img_index=1\">Beitrag auf Instagram<\/a><\/p><\/div>\n\n<div class=\"wp-block-group is-nowrap is-layout-flex wp-container-core-group-is-layout-6c531013 wp-block-group-is-layout-flex\"><p class=\"has-source-serif-pro-font-family\" style=\"text-decoration:underline\"><a href=\"https:\/\/wiegehtesdir-comics.de\">Startseite<\/a><\/p>\n\n<figure class=\"wp-block-image size-full\"><a href=\"https:\/\/wiegehtesdir-comics.de\" rel=\"Startseite\"><img loading=\"lazy\" decoding=\"async\" width=\"50\" height=\"50\" src=\"https:\/\/wiegehtesdir-comics.de\/wp-content\/uploads\/2023\/12\/Home-3.png\" alt=\"\" class=\"wp-image-26\"\/><\/a><\/figure><\/div><\/div><\/div>","protected":false},"excerpt":{"rendered":"<p>Am 25.02.2024 war Meron Mendel anl\u00e4sslich seines Buches \u201e\u00dcber Israel reden. Eine deutsche Debatte\u201c zu Lesung und Gespr\u00e4ch mit Korbinian Frenzel in Erlangen zu Gast. Michael Jordan hat bei der Veranstaltung gezeichnet. Meron Mendel, geboren 1976 in Israel, wuchs in einem Kibbuz auf, studierte in Haifa und in M\u00fcnchen P\u00e4dagogik und J\u00fcdische Geschichte, promovierte in [&hellip;]<\/p>\n","protected":false},"author":2,"featured_media":617,"comment_status":"closed","ping_status":"","sticky":false,"template":"","format":"standard","meta":{"footnotes":""},"categories":[1],"tags":[],"class_list":["post-616","post","type-post","status-publish","format-standard","has-post-thumbnail","hentry","category-allgemein"],"_links":{"self":[{"href":"https:\/\/wiegehtesdir-comics.de\/index.php?rest_route=\/wp\/v2\/posts\/616","targetHints":{"allow":["GET"]}}],"collection":[{"href":"https:\/\/wiegehtesdir-comics.de\/index.php?rest_route=\/wp\/v2\/posts"}],"about":[{"href":"https:\/\/wiegehtesdir-comics.de\/index.php?rest_route=\/wp\/v2\/types\/post"}],"author":[{"embeddable":true,"href":"https:\/\/wiegehtesdir-comics.de\/index.php?rest_route=\/wp\/v2\/users\/2"}],"replies":[{"embeddable":true,"href":"https:\/\/wiegehtesdir-comics.de\/index.php?rest_route=%2Fwp%2Fv2%2Fcomments&post=616"}],"version-history":[{"count":3,"href":"https:\/\/wiegehtesdir-comics.de\/index.php?rest_route=\/wp\/v2\/posts\/616\/revisions"}],"predecessor-version":[{"id":620,"href":"https:\/\/wiegehtesdir-comics.de\/index.php?rest_route=\/wp\/v2\/posts\/616\/revisions\/620"}],"wp:featuredmedia":[{"embeddable":true,"href":"https:\/\/wiegehtesdir-comics.de\/index.php?rest_route=\/wp\/v2\/media\/617"}],"wp:attachment":[{"href":"https:\/\/wiegehtesdir-comics.de\/index.php?rest_route=%2Fwp%2Fv2%2Fmedia&parent=616"}],"wp:term":[{"taxonomy":"category","embeddable":true,"href":"https:\/\/wiegehtesdir-comics.de\/index.php?rest_route=%2Fwp%2Fv2%2Fcategories&post=616"},{"taxonomy":"post_tag","embeddable":true,"href":"https:\/\/wiegehtesdir-comics.de\/index.php?rest_route=%2Fwp%2Fv2%2Ftags&post=616"}],"curies":[{"name":"wp","href":"https:\/\/api.w.org\/{rel}","templated":true}]}}