{"id":602,"date":"2024-06-18T17:33:04","date_gmt":"2024-06-18T15:33:04","guid":{"rendered":"https:\/\/wiegehtesdir-comics.de\/?p=602"},"modified":"2024-06-18T17:33:04","modified_gmt":"2024-06-18T15:33:04","slug":"simon-schwartz-und-elisa-klapheck","status":"publish","type":"post","link":"https:\/\/wiegehtesdir-comics.de\/?p=602","title":{"rendered":"Simon Schwartz und Elisa Klapheck"},"content":{"rendered":"<div class=\"wp-block-group alignfull is-layout-constrained wp-container-core-group-is-layout-4bf3f388 wp-block-group-is-layout-constrained\"><div class=\"wp-block-group alignwide has-source-serif-pro-font-family is-nowrap is-layout-flex wp-container-core-group-is-layout-6c531013 wp-block-group-is-layout-flex\" id=\"oben\"><div style=\"font-size:18px;\" class=\"wp-block-post-date\"><time datetime=\"2024-06-18T17:33:04+02:00\">18. Juni 2024<\/time><\/div><\/div>\n\n<div class=\"wp-block-group alignwide has-source-serif-pro-font-family is-layout-constrained wp-container-core-group-is-layout-ef493e3c wp-block-group-is-layout-constrained\" style=\"font-size:24px\"><h2 style=\"font-size:24px;font-style:normal;font-weight:600;\" class=\"alignwide wp-block-post-title\">Simon Schwartz und Elisa Klapheck<\/h2><\/div>\n\n<div style=\"height:20px\" aria-hidden=\"true\" class=\"wp-block-spacer\"><\/div>\n\n<div class=\"wp-block-group alignwide is-layout-constrained wp-container-core-group-is-layout-ef493e3c wp-block-group-is-layout-constrained\"><figure data-wp-context=\"{&quot;imageId&quot;:&quot;69f4af608b1ee&quot;}\" data-wp-interactive=\"core\/image\" data-wp-key=\"69f4af608b1ee\" class=\"wp-block-image alignwide size-full rbc-is-hidden-on-tablet  rbc-is-hidden-on-mobile wp-lightbox-container\"><img loading=\"lazy\" decoding=\"async\" width=\"2423\" height=\"2560\" data-wp-class--hide=\"state.isContentHidden\" data-wp-class--show=\"state.isContentVisible\" data-wp-init=\"callbacks.setButtonStyles\" data-wp-on--click=\"actions.showLightbox\" data-wp-on--load=\"callbacks.setButtonStyles\" data-wp-on-window--resize=\"callbacks.setButtonStyles\" src=\"https:\/\/wiegehtesdir-comics.de\/wp-content\/uploads\/2024\/06\/Elisa_SimonSchwartz_croped-scaled.jpg\" alt=\"\" class=\"wp-image-603\" srcset=\"https:\/\/wiegehtesdir-comics.de\/wp-content\/uploads\/2024\/06\/Elisa_SimonSchwartz_croped-scaled.jpg 2423w, https:\/\/wiegehtesdir-comics.de\/wp-content\/uploads\/2024\/06\/Elisa_SimonSchwartz_croped-284x300.jpg 284w, https:\/\/wiegehtesdir-comics.de\/wp-content\/uploads\/2024\/06\/Elisa_SimonSchwartz_croped-969x1024.jpg 969w, https:\/\/wiegehtesdir-comics.de\/wp-content\/uploads\/2024\/06\/Elisa_SimonSchwartz_croped-768x812.jpg 768w, https:\/\/wiegehtesdir-comics.de\/wp-content\/uploads\/2024\/06\/Elisa_SimonSchwartz_croped-1454x1536.jpg 1454w, https:\/\/wiegehtesdir-comics.de\/wp-content\/uploads\/2024\/06\/Elisa_SimonSchwartz_croped-1938x2048.jpg 1938w\" sizes=\"auto, (max-width: 2423px) 100vw, 2423px\" \/><button\n\t\t\tclass=\"lightbox-trigger\"\n\t\t\ttype=\"button\"\n\t\t\taria-haspopup=\"dialog\"\n\t\t\taria-label=\"Vergr\u00f6\u00dfern\"\n\t\t\tdata-wp-init=\"callbacks.initTriggerButton\"\n\t\t\tdata-wp-on--click=\"actions.showLightbox\"\n\t\t\tdata-wp-style--right=\"state.imageButtonRight\"\n\t\t\tdata-wp-style--top=\"state.imageButtonTop\"\n\t\t>\n\t\t\t<svg xmlns=\"http:\/\/www.w3.org\/2000\/svg\" width=\"12\" height=\"12\" fill=\"none\" viewBox=\"0 0 12 12\">\n\t\t\t\t<path fill=\"#fff\" d=\"M2 0a2 2 0 0 0-2 2v2h1.5V2a.5.5 0 0 1 .5-.5h2V0H2Zm2 10.5H2a.5.5 0 0 1-.5-.5V8H0v2a2 2 0 0 0 2 2h2v-1.5ZM8 12v-1.5h2a.5.5 0 0 0 .5-.5V8H12v2a2 2 0 0 1-2 2H8Zm2-12a2 2 0 0 1 2 2v2h-1.5V2a.5.5 0 0 0-.5-.5H8V0h2Z\" \/>\n\t\t\t<\/svg>\n\t\t<\/button><\/figure>\n\n<figure class=\"wp-block-image alignwide size-full rbc-is-hidden-on-wide  rbc-is-hidden-on-desktop\"><img loading=\"lazy\" decoding=\"async\" width=\"2423\" height=\"2560\" src=\"https:\/\/wiegehtesdir-comics.de\/wp-content\/uploads\/2024\/06\/Elisa_SimonSchwartz_croped-scaled.jpg\" alt=\"\" class=\"wp-image-603\" srcset=\"https:\/\/wiegehtesdir-comics.de\/wp-content\/uploads\/2024\/06\/Elisa_SimonSchwartz_croped-scaled.jpg 2423w, https:\/\/wiegehtesdir-comics.de\/wp-content\/uploads\/2024\/06\/Elisa_SimonSchwartz_croped-284x300.jpg 284w, https:\/\/wiegehtesdir-comics.de\/wp-content\/uploads\/2024\/06\/Elisa_SimonSchwartz_croped-969x1024.jpg 969w, https:\/\/wiegehtesdir-comics.de\/wp-content\/uploads\/2024\/06\/Elisa_SimonSchwartz_croped-768x812.jpg 768w, https:\/\/wiegehtesdir-comics.de\/wp-content\/uploads\/2024\/06\/Elisa_SimonSchwartz_croped-1454x1536.jpg 1454w, https:\/\/wiegehtesdir-comics.de\/wp-content\/uploads\/2024\/06\/Elisa_SimonSchwartz_croped-1938x2048.jpg 1938w\" sizes=\"auto, (max-width: 2423px) 100vw, 2423px\" \/><\/figure><\/div>\n\n<div style=\"height:20px\" aria-hidden=\"true\" class=\"wp-block-spacer\"><\/div>\n\n<div class=\"wp-block-group alignwide is-layout-constrained wp-container-core-group-is-layout-ef493e3c wp-block-group-is-layout-constrained\"><p  class=\"rbc-is-hidden-on-mobile rbc-is-hidden-on-tablet\" style=\"font-size:18px\">Der Text dieses Beitrags stammt von der Rabbinerin Elisa Klapheck, die Illustration von Simon Schwartz.<br><br>Elisa Klapheck ist Rabbinerin des egalit\u00e4ren Minjan \u2013 eine Synagogengemeinschaft der liberalen J\u00fcdinnen und Juden in der J\u00fcdischen Gemeinde Frankfurt am Main. Als Professorin unterrichtet sie am Zentrum f\u00fcr Komparative Theologie und Kulturwissenschaften der Universit\u00e4t Paderborn. Seit 2023 ist Elisa Klapheck Vorsitzende der Allgemeinen Rabbinerkonferenz Deutschland. 2024 ehrte das Bundesland Rheinland-Pfalz sie mit dem Marie Juchacz-Frauenpreis. <a href=\"http:\/\/www.elisa-klapheck.de\">www.elisa-klapheck.de<\/a><br><br>Simon Schwartz ist einer der bekanntesten deutschen Comick\u00fcnstler. Er deb\u00fctierte 2009 mit \u201edr\u00fcben!\u201c, der ber\u00fchrenden Graphic Novel \u00fcber die Ausreise seiner Eltern aus der DDR. Sein Buch \u201ePackeis\u201c wurde 2012 mit dem Max und Moritz-Preis ausgezeichnet. F\u00fcr die Stasi-Gedenkst\u00e4tte in Erfurt gestaltete er einen 7 x 40 Meter gro\u00dfen Bildfries. 2017 und 2019 ehrte ihn der Deutsche Bundestag mit Einzelausstellungen. Seit 2012 erscheint sein Comicstrip \u201eVita Obscura\u201c; erst in der Wochenzeitung \u201eder Freitag\u201c und seit 2019 im \u201eF.A.Z.-Magazin\u201c der \u201eFrankfurter Allgemeinen Zeitung\u201c. Im Auftrag des egalit\u00e4ren Minjan illustrierte Simon Schwartz 2022 die erste deutschsprachige \u201eEgalit\u00e4re Pessach Haggada\u201c. Er lebt und arbeitet in Hamburg. <a href=\"http:\/\/www.simon-schwartz.com\">www.simon-schwartz.com<\/a><\/p>\n\n<details class=\"wp-block-details alignwide is-layout-flow wp-block-details-is-layout-flow rbc-is-hidden-on-wide  rbc-is-hidden-on-desktop\"><summary>Information<\/summary><p>Der Text dieses Beitrags stammt von der Rabbinerin Elisa Klapheck, die Illustration von Simon Schwartz.<br><br>Elisa Klapheck ist Rabbinerin des egalit\u00e4ren Minjan \u2013 eine Synagogengemeinschaft der liberalen J\u00fcdinnen und Juden in der J\u00fcdischen Gemeinde Frankfurt am Main. Als Professorin unterrichtet sie am Zentrum f\u00fcr Komparative Theologie und Kulturwissenschaften der Universit\u00e4t Paderborn. Seit 2023 ist Elisa Klapheck Vorsitzende der Allgemeinen Rabbinerkonferenz Deutschland. 2024 ehrte das Bundesland Rheinland-Pfalz sie mit dem Marie Juchacz-Frauenpreis. <a href=\"http:\/\/www.elisa-klapheck.de\">www.elisa-klapheck.de<\/a><br><br>Simon Schwartz ist einer der bekanntesten deutschen Comick\u00fcnstler. Er deb\u00fctierte 2009 mit \u201edr\u00fcben!\u201c, der ber\u00fchrenden Graphic Novel \u00fcber die Ausreise seiner Eltern aus der DDR. Sein Buch \u201ePackeis\u201c wurde 2012 mit dem Max und Moritz-Preis ausgezeichnet. F\u00fcr die Stasi-Gedenkst\u00e4tte in Erfurt gestaltete er einen 7 x 40 Meter gro\u00dfen Bildfries. 2017 und 2019 ehrte ihn der Deutsche Bundestag mit Einzelausstellungen. Seit 2012 erscheint sein Comicstrip \u201eVita Obscura\u201c; erst in der Wochenzeitung \u201eder Freitag\u201c und seit 2019 im \u201eF.A.Z.-Magazin\u201c der \u201eFrankfurter Allgemeinen Zeitung\u201c. Im Auftrag des egalit\u00e4ren Minjan illustrierte Simon Schwartz 2022 die erste deutschsprachige \u201eEgalit\u00e4re Pessach Haggada\u201c. Er lebt und arbeitet in Hamburg. <a href=\"http:\/\/www.simon-schwartz.com\">www.simon-schwartz.com<\/a><\/p><\/details><\/div>\n\n<div class=\"wp-block-group alignwide is-content-justification-space-between is-nowrap is-layout-flex wp-container-core-group-is-layout-cb46ffcb wp-block-group-is-layout-flex\"><div class=\"wp-block-group is-nowrap is-layout-flex wp-container-core-group-is-layout-6c531013 wp-block-group-is-layout-flex\"><figure class=\"wp-block-image size-full is-style-rounded\"><img loading=\"lazy\" decoding=\"async\" width=\"42\" height=\"42\" src=\"https:\/\/wiegehtesdir-comics.de\/wp-content\/uploads\/2023\/12\/Insta.png\" alt=\"\" class=\"wp-image-82\"\/><\/figure>\n\n<p class=\"has-source-serif-pro-font-family\" style=\"text-decoration:underline\"><a href=\"https:\/\/www.instagram.com\/p\/C8WWSvgM2Hk\/?img_index=1\">Beitrag auf Instagram<\/a><\/p><\/div>\n\n<div class=\"wp-block-group is-nowrap is-layout-flex wp-container-core-group-is-layout-6c531013 wp-block-group-is-layout-flex\"><p class=\"has-source-serif-pro-font-family\" style=\"text-decoration:underline\"><a href=\"https:\/\/wiegehtesdir-comics.de\">Startseite<\/a><\/p>\n\n<figure class=\"wp-block-image size-full\"><a href=\"https:\/\/wiegehtesdir-comics.de\" rel=\"Startseite\"><img loading=\"lazy\" decoding=\"async\" width=\"50\" height=\"50\" src=\"https:\/\/wiegehtesdir-comics.de\/wp-content\/uploads\/2023\/12\/Home-3.png\" alt=\"\" class=\"wp-image-26\"\/><\/a><\/figure><\/div><\/div><\/div>","protected":false},"excerpt":{"rendered":"<p>Der Text dieses Beitrags stammt von der Rabbinerin Elisa Klapheck, die Illustration von Simon Schwartz. Elisa Klapheck ist Rabbinerin des egalit\u00e4ren Minjan \u2013 eine Synagogengemeinschaft der liberalen J\u00fcdinnen und Juden in der J\u00fcdischen Gemeinde Frankfurt am Main. Als Professorin unterrichtet sie am Zentrum f\u00fcr Komparative Theologie und Kulturwissenschaften der Universit\u00e4t Paderborn. Seit 2023 ist Elisa [&hellip;]<\/p>\n","protected":false},"author":2,"featured_media":603,"comment_status":"closed","ping_status":"","sticky":false,"template":"","format":"standard","meta":{"footnotes":""},"categories":[1],"tags":[],"class_list":["post-602","post","type-post","status-publish","format-standard","has-post-thumbnail","hentry","category-allgemein"],"_links":{"self":[{"href":"https:\/\/wiegehtesdir-comics.de\/index.php?rest_route=\/wp\/v2\/posts\/602","targetHints":{"allow":["GET"]}}],"collection":[{"href":"https:\/\/wiegehtesdir-comics.de\/index.php?rest_route=\/wp\/v2\/posts"}],"about":[{"href":"https:\/\/wiegehtesdir-comics.de\/index.php?rest_route=\/wp\/v2\/types\/post"}],"author":[{"embeddable":true,"href":"https:\/\/wiegehtesdir-comics.de\/index.php?rest_route=\/wp\/v2\/users\/2"}],"replies":[{"embeddable":true,"href":"https:\/\/wiegehtesdir-comics.de\/index.php?rest_route=%2Fwp%2Fv2%2Fcomments&post=602"}],"version-history":[{"count":1,"href":"https:\/\/wiegehtesdir-comics.de\/index.php?rest_route=\/wp\/v2\/posts\/602\/revisions"}],"predecessor-version":[{"id":604,"href":"https:\/\/wiegehtesdir-comics.de\/index.php?rest_route=\/wp\/v2\/posts\/602\/revisions\/604"}],"wp:featuredmedia":[{"embeddable":true,"href":"https:\/\/wiegehtesdir-comics.de\/index.php?rest_route=\/wp\/v2\/media\/603"}],"wp:attachment":[{"href":"https:\/\/wiegehtesdir-comics.de\/index.php?rest_route=%2Fwp%2Fv2%2Fmedia&parent=602"}],"wp:term":[{"taxonomy":"category","embeddable":true,"href":"https:\/\/wiegehtesdir-comics.de\/index.php?rest_route=%2Fwp%2Fv2%2Fcategories&post=602"},{"taxonomy":"post_tag","embeddable":true,"href":"https:\/\/wiegehtesdir-comics.de\/index.php?rest_route=%2Fwp%2Fv2%2Ftags&post=602"}],"curies":[{"name":"wp","href":"https:\/\/api.w.org\/{rel}","templated":true}]}}