{"id":574,"date":"2024-05-24T23:48:04","date_gmt":"2024-05-24T21:48:04","guid":{"rendered":"https:\/\/wiegehtesdir-comics.de\/?p=574"},"modified":"2024-05-24T23:48:04","modified_gmt":"2024-05-24T21:48:04","slug":"anne-zimmermann-ester","status":"publish","type":"post","link":"https:\/\/wiegehtesdir-comics.de\/?p=574","title":{"rendered":"Anne Zimmermann: Ester"},"content":{"rendered":"<div class=\"wp-block-group alignfull is-layout-constrained wp-container-core-group-is-layout-4bf3f388 wp-block-group-is-layout-constrained\"><div class=\"wp-block-group alignwide has-source-serif-pro-font-family is-nowrap is-layout-flex wp-container-core-group-is-layout-6c531013 wp-block-group-is-layout-flex\" id=\"oben\"><div style=\"font-size:18px;\" class=\"wp-block-post-date\"><time datetime=\"2024-05-24T23:48:04+02:00\">24. Mai 2024<\/time><\/div><\/div>\n\n<div class=\"wp-block-group alignwide has-source-serif-pro-font-family is-layout-constrained wp-container-core-group-is-layout-ef493e3c wp-block-group-is-layout-constrained\" style=\"font-size:24px\"><h2 style=\"font-size:24px;font-style:normal;font-weight:600;\" class=\"alignwide wp-block-post-title\">Anne Zimmermann: Ester<\/h2><\/div>\n\n<div style=\"height:20px\" aria-hidden=\"true\" class=\"wp-block-spacer\"><\/div>\n\n<div class=\"wp-block-group alignwide is-layout-constrained wp-container-core-group-is-layout-ef493e3c wp-block-group-is-layout-constrained\"><figure data-wp-context=\"{&quot;imageId&quot;:&quot;69f4aeb083b29&quot;}\" data-wp-interactive=\"core\/image\" data-wp-key=\"69f4aeb083b29\" class=\"wp-block-image alignwide size-full rbc-is-hidden-on-tablet  rbc-is-hidden-on-mobile wp-lightbox-container\"><img loading=\"lazy\" decoding=\"async\" width=\"2509\" height=\"2560\" data-wp-class--hide=\"state.isContentHidden\" data-wp-class--show=\"state.isContentVisible\" data-wp-init=\"callbacks.setButtonStyles\" data-wp-on--click=\"actions.showLightbox\" data-wp-on--load=\"callbacks.setButtonStyles\" data-wp-on-window--resize=\"callbacks.setButtonStyles\" src=\"https:\/\/wiegehtesdir-comics.de\/wp-content\/uploads\/2024\/05\/Ester_AnneZimmermann_croped-scaled.jpg\" alt=\"\" class=\"wp-image-575\" srcset=\"https:\/\/wiegehtesdir-comics.de\/wp-content\/uploads\/2024\/05\/Ester_AnneZimmermann_croped-scaled.jpg 2509w, https:\/\/wiegehtesdir-comics.de\/wp-content\/uploads\/2024\/05\/Ester_AnneZimmermann_croped-294x300.jpg 294w, https:\/\/wiegehtesdir-comics.de\/wp-content\/uploads\/2024\/05\/Ester_AnneZimmermann_croped-1004x1024.jpg 1004w, https:\/\/wiegehtesdir-comics.de\/wp-content\/uploads\/2024\/05\/Ester_AnneZimmermann_croped-768x783.jpg 768w, https:\/\/wiegehtesdir-comics.de\/wp-content\/uploads\/2024\/05\/Ester_AnneZimmermann_croped-1506x1536.jpg 1506w, https:\/\/wiegehtesdir-comics.de\/wp-content\/uploads\/2024\/05\/Ester_AnneZimmermann_croped-2008x2048.jpg 2008w\" sizes=\"auto, (max-width: 2509px) 100vw, 2509px\" \/><button\n\t\t\tclass=\"lightbox-trigger\"\n\t\t\ttype=\"button\"\n\t\t\taria-haspopup=\"dialog\"\n\t\t\taria-label=\"Vergr\u00f6\u00dfern\"\n\t\t\tdata-wp-init=\"callbacks.initTriggerButton\"\n\t\t\tdata-wp-on--click=\"actions.showLightbox\"\n\t\t\tdata-wp-style--right=\"state.imageButtonRight\"\n\t\t\tdata-wp-style--top=\"state.imageButtonTop\"\n\t\t>\n\t\t\t<svg xmlns=\"http:\/\/www.w3.org\/2000\/svg\" width=\"12\" height=\"12\" fill=\"none\" viewBox=\"0 0 12 12\">\n\t\t\t\t<path fill=\"#fff\" d=\"M2 0a2 2 0 0 0-2 2v2h1.5V2a.5.5 0 0 1 .5-.5h2V0H2Zm2 10.5H2a.5.5 0 0 1-.5-.5V8H0v2a2 2 0 0 0 2 2h2v-1.5ZM8 12v-1.5h2a.5.5 0 0 0 .5-.5V8H12v2a2 2 0 0 1-2 2H8Zm2-12a2 2 0 0 1 2 2v2h-1.5V2a.5.5 0 0 0-.5-.5H8V0h2Z\" \/>\n\t\t\t<\/svg>\n\t\t<\/button><\/figure>\n\n<figure class=\"wp-block-image alignwide size-full rbc-is-hidden-on-wide  rbc-is-hidden-on-desktop\"><img loading=\"lazy\" decoding=\"async\" width=\"2509\" height=\"2560\" src=\"https:\/\/wiegehtesdir-comics.de\/wp-content\/uploads\/2024\/05\/Ester_AnneZimmermann_croped-scaled.jpg\" alt=\"\" class=\"wp-image-575\" srcset=\"https:\/\/wiegehtesdir-comics.de\/wp-content\/uploads\/2024\/05\/Ester_AnneZimmermann_croped-scaled.jpg 2509w, https:\/\/wiegehtesdir-comics.de\/wp-content\/uploads\/2024\/05\/Ester_AnneZimmermann_croped-294x300.jpg 294w, https:\/\/wiegehtesdir-comics.de\/wp-content\/uploads\/2024\/05\/Ester_AnneZimmermann_croped-1004x1024.jpg 1004w, https:\/\/wiegehtesdir-comics.de\/wp-content\/uploads\/2024\/05\/Ester_AnneZimmermann_croped-768x783.jpg 768w, https:\/\/wiegehtesdir-comics.de\/wp-content\/uploads\/2024\/05\/Ester_AnneZimmermann_croped-1506x1536.jpg 1506w, https:\/\/wiegehtesdir-comics.de\/wp-content\/uploads\/2024\/05\/Ester_AnneZimmermann_croped-2008x2048.jpg 2008w\" sizes=\"auto, (max-width: 2509px) 100vw, 2509px\" \/><\/figure><\/div>\n\n<div style=\"height:20px\" aria-hidden=\"true\" class=\"wp-block-spacer\"><\/div>\n\n<div class=\"wp-block-group alignwide is-layout-constrained wp-container-core-group-is-layout-ef493e3c wp-block-group-is-layout-constrained\"><p  class=\"rbc-is-hidden-on-mobile rbc-is-hidden-on-tablet\" style=\"font-size:18px\">Ester Limburg-Klaus ist Vorsitzende der J\u00fcdischen Kultusgemeinde Erlangen. Zusammen mit den Vorsitzenden der Islamischen Gemeinde Erlangen und der T\u00fcrkisch Islamischen Gemeinde zu Erlangen\u00a0 sowie dem Ausl\u00e4nder- und Integrationsbeirat der Stadt hat sie die gemeinsame Erkl\u00e4rung \u201eSalam \u2013 Schalom \u2013Frieden\u201c f\u00fcr Frieden, Dialog und Vielfalt sowie gegen alle Formen des Antisemitismus und der Islamophobie unterzeichnet. <a href=\"http:\/\/www.erlangen.de\/frieden\">www.erlangen.de\/frieden<\/a><br><br>Anne Zimmermann, geboren 1987 in M\u00fchlhausen, ist als Illustratorin und Comic-Zeichnerin t\u00e4tig. Sie studierte zun\u00e4chst Kunst, Philosophie und Kommunikationswissenschaften an der Universit\u00e4t Erfurt, wechselte sp\u00e4ter zum Studiengang visuelle Kommunikation mit dem Schwerpunkt Illustration und Comic an die Kunsthochschule Kassel. W\u00e4hrend ihres Studiums war sie Redaktionsmitglied f\u00fcr mehrere Ausgaben der Comic-Anthologie \u201eTriebWerk\u201c, die als \u201ebeste studentische Comicpublikation\u201c mit dem Max-und-Moritz-Preis 2014 ausgezeichnet wurde. Seit 2021 ist sie als Illustratorin am WDR-Projekt \u201eStolpersteine NRW\u201c beteiligt. App und Homepage erz\u00e4hlen u. a. mithilfe von \u201eGraphic Stories\u201c von zahlreichen Einzelschicksalen \u2013 2023 ausgezeichnet mit dem Grimme Online Award. <a href=\"http:\/\/www.annez.cargo.site\">www.annez.cargo.site<\/a><\/p>\n\n<details class=\"wp-block-details alignwide is-layout-flow wp-block-details-is-layout-flow rbc-is-hidden-on-wide  rbc-is-hidden-on-desktop\"><summary>Information<\/summary><p>Ester Limburg-Klaus ist Vorsitzende der J\u00fcdischen Kultusgemeinde Erlangen. Zusammen mit den Vorsitzenden der Islamischen Gemeinde Erlangen und der T\u00fcrkisch Islamischen Gemeinde zu Erlangen\u00a0 sowie dem Ausl\u00e4nder- und Integrationsbeirat der Stadt hat sie die gemeinsame Erkl\u00e4rung \u201eSalam \u2013 Schalom \u2013Frieden\u201c f\u00fcr Frieden, Dialog und Vielfalt sowie gegen alle Formen des Antisemitismus und der Islamophobie unterzeichnet. <a href=\"http:\/\/www.erlangen.de\/frieden\">www.erlangen.de\/frieden<\/a><br><br>Anne Zimmermann, geboren 1987 in M\u00fchlhausen, ist als Illustratorin und Comic-Zeichnerin t\u00e4tig. Sie studierte zun\u00e4chst Kunst, Philosophie und Kommunikationswissenschaften an der Universit\u00e4t Erfurt, wechselte sp\u00e4ter zum Studiengang visuelle Kommunikation mit dem Schwerpunkt Illustration und Comic an die Kunsthochschule Kassel. W\u00e4hrend ihres Studiums war sie Redaktionsmitglied f\u00fcr mehrere Ausgaben der Comic-Anthologie \u201eTriebWerk\u201c, die als \u201ebeste studentische Comicpublikation\u201c mit dem Max-und-Moritz-Preis 2014 ausgezeichnet wurde. Seit 2021 ist sie als Illustratorin am WDR-Projekt \u201eStolpersteine NRW\u201c beteiligt. App und Homepage erz\u00e4hlen u. a. mithilfe von \u201eGraphic Stories\u201c von zahlreichen Einzelschicksalen \u2013 2023 ausgezeichnet mit dem Grimme Online Award. <a href=\"http:\/\/www.annez.cargo.site\">www.annez.cargo.site<\/a><\/p><\/details><\/div>\n\n<div class=\"wp-block-group alignwide is-content-justification-space-between is-nowrap is-layout-flex wp-container-core-group-is-layout-cb46ffcb wp-block-group-is-layout-flex\"><div class=\"wp-block-group is-nowrap is-layout-flex wp-container-core-group-is-layout-6c531013 wp-block-group-is-layout-flex\"><figure class=\"wp-block-image size-full is-style-rounded\"><img loading=\"lazy\" decoding=\"async\" width=\"42\" height=\"42\" src=\"https:\/\/wiegehtesdir-comics.de\/wp-content\/uploads\/2023\/12\/Insta.png\" alt=\"\" class=\"wp-image-82\"\/><\/figure>\n\n<p class=\"has-source-serif-pro-font-family\" style=\"text-decoration:underline\"><a href=\"https:\/\/www.instagram.com\/p\/C7V5BLnMKu6\/?img_index=1\">Beitrag auf Instagram<\/a><\/p><\/div>\n\n<div class=\"wp-block-group is-nowrap is-layout-flex wp-container-core-group-is-layout-6c531013 wp-block-group-is-layout-flex\"><p class=\"has-source-serif-pro-font-family\" style=\"text-decoration:underline\"><a href=\"https:\/\/wiegehtesdir-comics.de\">Startseite<\/a><\/p>\n\n<figure class=\"wp-block-image size-full\"><a href=\"https:\/\/wiegehtesdir-comics.de\" rel=\"Startseite\"><img loading=\"lazy\" decoding=\"async\" width=\"50\" height=\"50\" src=\"https:\/\/wiegehtesdir-comics.de\/wp-content\/uploads\/2023\/12\/Home-3.png\" alt=\"\" class=\"wp-image-26\"\/><\/a><\/figure><\/div><\/div><\/div>","protected":false},"excerpt":{"rendered":"<p>Ester Limburg-Klaus ist Vorsitzende der J\u00fcdischen Kultusgemeinde Erlangen. Zusammen mit den Vorsitzenden der Islamischen Gemeinde Erlangen und der T\u00fcrkisch Islamischen Gemeinde zu Erlangen\u00a0 sowie dem Ausl\u00e4nder- und Integrationsbeirat der Stadt hat sie die gemeinsame Erkl\u00e4rung \u201eSalam \u2013 Schalom \u2013Frieden\u201c f\u00fcr Frieden, Dialog und Vielfalt sowie gegen alle Formen des Antisemitismus und der Islamophobie unterzeichnet. www.erlangen.de\/frieden [&hellip;]<\/p>\n","protected":false},"author":2,"featured_media":575,"comment_status":"closed","ping_status":"","sticky":false,"template":"","format":"standard","meta":{"footnotes":""},"categories":[1],"tags":[],"class_list":["post-574","post","type-post","status-publish","format-standard","has-post-thumbnail","hentry","category-allgemein"],"_links":{"self":[{"href":"https:\/\/wiegehtesdir-comics.de\/index.php?rest_route=\/wp\/v2\/posts\/574","targetHints":{"allow":["GET"]}}],"collection":[{"href":"https:\/\/wiegehtesdir-comics.de\/index.php?rest_route=\/wp\/v2\/posts"}],"about":[{"href":"https:\/\/wiegehtesdir-comics.de\/index.php?rest_route=\/wp\/v2\/types\/post"}],"author":[{"embeddable":true,"href":"https:\/\/wiegehtesdir-comics.de\/index.php?rest_route=\/wp\/v2\/users\/2"}],"replies":[{"embeddable":true,"href":"https:\/\/wiegehtesdir-comics.de\/index.php?rest_route=%2Fwp%2Fv2%2Fcomments&post=574"}],"version-history":[{"count":1,"href":"https:\/\/wiegehtesdir-comics.de\/index.php?rest_route=\/wp\/v2\/posts\/574\/revisions"}],"predecessor-version":[{"id":576,"href":"https:\/\/wiegehtesdir-comics.de\/index.php?rest_route=\/wp\/v2\/posts\/574\/revisions\/576"}],"wp:featuredmedia":[{"embeddable":true,"href":"https:\/\/wiegehtesdir-comics.de\/index.php?rest_route=\/wp\/v2\/media\/575"}],"wp:attachment":[{"href":"https:\/\/wiegehtesdir-comics.de\/index.php?rest_route=%2Fwp%2Fv2%2Fmedia&parent=574"}],"wp:term":[{"taxonomy":"category","embeddable":true,"href":"https:\/\/wiegehtesdir-comics.de\/index.php?rest_route=%2Fwp%2Fv2%2Fcategories&post=574"},{"taxonomy":"post_tag","embeddable":true,"href":"https:\/\/wiegehtesdir-comics.de\/index.php?rest_route=%2Fwp%2Fv2%2Ftags&post=574"}],"curies":[{"name":"wp","href":"https:\/\/api.w.org\/{rel}","templated":true}]}}