{"id":564,"date":"2024-05-17T16:23:15","date_gmt":"2024-05-17T14:23:15","guid":{"rendered":"https:\/\/wiegehtesdir-comics.de\/?p=564"},"modified":"2024-05-17T16:24:29","modified_gmt":"2024-05-17T14:24:29","slug":"jutta-pilgram-mirjam","status":"publish","type":"post","link":"https:\/\/wiegehtesdir-comics.de\/?p=564","title":{"rendered":"Jutta Pilgram: Mirjam"},"content":{"rendered":"<div class=\"wp-block-group alignfull is-layout-constrained wp-container-core-group-is-layout-4bf3f388 wp-block-group-is-layout-constrained\"><div class=\"wp-block-group alignwide has-source-serif-pro-font-family is-nowrap is-layout-flex wp-container-core-group-is-layout-6c531013 wp-block-group-is-layout-flex\" id=\"oben\"><div style=\"font-size:18px;\" class=\"wp-block-post-date\"><time datetime=\"2024-05-17T16:23:15+02:00\">17. Mai 2024<\/time><\/div><\/div>\n\n<div class=\"wp-block-group alignwide has-source-serif-pro-font-family is-layout-constrained wp-container-core-group-is-layout-ef493e3c wp-block-group-is-layout-constrained\" style=\"font-size:24px\"><h2 style=\"font-size:24px;font-style:normal;font-weight:600;\" class=\"alignwide wp-block-post-title\">Jutta Pilgram: Mirjam<\/h2><\/div>\n\n<div style=\"height:20px\" aria-hidden=\"true\" class=\"wp-block-spacer\"><\/div>\n\n<div class=\"wp-block-group alignwide is-layout-constrained wp-container-core-group-is-layout-ef493e3c wp-block-group-is-layout-constrained\"><figure data-wp-context=\"{&quot;imageId&quot;:&quot;69f4aefec6769&quot;}\" data-wp-interactive=\"core\/image\" data-wp-key=\"69f4aefec6769\" class=\"wp-block-image alignwide size-full rbc-is-hidden-on-tablet  rbc-is-hidden-on-mobile wp-lightbox-container\"><img loading=\"lazy\" decoding=\"async\" width=\"2507\" height=\"2560\" data-wp-class--hide=\"state.isContentHidden\" data-wp-class--show=\"state.isContentVisible\" data-wp-init=\"callbacks.setButtonStyles\" data-wp-on--click=\"actions.showLightbox\" data-wp-on--load=\"callbacks.setButtonStyles\" data-wp-on-window--resize=\"callbacks.setButtonStyles\" src=\"https:\/\/wiegehtesdir-comics.de\/wp-content\/uploads\/2024\/05\/Mirjam_JuttaPilgram_croped-scaled.jpg\" alt=\"\" class=\"wp-image-565\" srcset=\"https:\/\/wiegehtesdir-comics.de\/wp-content\/uploads\/2024\/05\/Mirjam_JuttaPilgram_croped-scaled.jpg 2507w, https:\/\/wiegehtesdir-comics.de\/wp-content\/uploads\/2024\/05\/Mirjam_JuttaPilgram_croped-294x300.jpg 294w, https:\/\/wiegehtesdir-comics.de\/wp-content\/uploads\/2024\/05\/Mirjam_JuttaPilgram_croped-1003x1024.jpg 1003w, https:\/\/wiegehtesdir-comics.de\/wp-content\/uploads\/2024\/05\/Mirjam_JuttaPilgram_croped-768x784.jpg 768w, https:\/\/wiegehtesdir-comics.de\/wp-content\/uploads\/2024\/05\/Mirjam_JuttaPilgram_croped-1504x1536.jpg 1504w, https:\/\/wiegehtesdir-comics.de\/wp-content\/uploads\/2024\/05\/Mirjam_JuttaPilgram_croped-2005x2048.jpg 2005w\" sizes=\"auto, (max-width: 2507px) 100vw, 2507px\" \/><button\n\t\t\tclass=\"lightbox-trigger\"\n\t\t\ttype=\"button\"\n\t\t\taria-haspopup=\"dialog\"\n\t\t\taria-label=\"Vergr\u00f6\u00dfern\"\n\t\t\tdata-wp-init=\"callbacks.initTriggerButton\"\n\t\t\tdata-wp-on--click=\"actions.showLightbox\"\n\t\t\tdata-wp-style--right=\"state.imageButtonRight\"\n\t\t\tdata-wp-style--top=\"state.imageButtonTop\"\n\t\t>\n\t\t\t<svg xmlns=\"http:\/\/www.w3.org\/2000\/svg\" width=\"12\" height=\"12\" fill=\"none\" viewBox=\"0 0 12 12\">\n\t\t\t\t<path fill=\"#fff\" d=\"M2 0a2 2 0 0 0-2 2v2h1.5V2a.5.5 0 0 1 .5-.5h2V0H2Zm2 10.5H2a.5.5 0 0 1-.5-.5V8H0v2a2 2 0 0 0 2 2h2v-1.5ZM8 12v-1.5h2a.5.5 0 0 0 .5-.5V8H12v2a2 2 0 0 1-2 2H8Zm2-12a2 2 0 0 1 2 2v2h-1.5V2a.5.5 0 0 0-.5-.5H8V0h2Z\" \/>\n\t\t\t<\/svg>\n\t\t<\/button><\/figure>\n\n<figure class=\"wp-block-image alignwide size-full rbc-is-hidden-on-wide  rbc-is-hidden-on-desktop\"><img loading=\"lazy\" decoding=\"async\" width=\"2507\" height=\"2560\" src=\"https:\/\/wiegehtesdir-comics.de\/wp-content\/uploads\/2024\/05\/Mirjam_JuttaPilgram_croped-scaled.jpg\" alt=\"\" class=\"wp-image-565\" srcset=\"https:\/\/wiegehtesdir-comics.de\/wp-content\/uploads\/2024\/05\/Mirjam_JuttaPilgram_croped-scaled.jpg 2507w, https:\/\/wiegehtesdir-comics.de\/wp-content\/uploads\/2024\/05\/Mirjam_JuttaPilgram_croped-294x300.jpg 294w, https:\/\/wiegehtesdir-comics.de\/wp-content\/uploads\/2024\/05\/Mirjam_JuttaPilgram_croped-1003x1024.jpg 1003w, https:\/\/wiegehtesdir-comics.de\/wp-content\/uploads\/2024\/05\/Mirjam_JuttaPilgram_croped-768x784.jpg 768w, https:\/\/wiegehtesdir-comics.de\/wp-content\/uploads\/2024\/05\/Mirjam_JuttaPilgram_croped-1504x1536.jpg 1504w, https:\/\/wiegehtesdir-comics.de\/wp-content\/uploads\/2024\/05\/Mirjam_JuttaPilgram_croped-2005x2048.jpg 2005w\" sizes=\"auto, (max-width: 2507px) 100vw, 2507px\" \/><\/figure><\/div>\n\n<div style=\"height:20px\" aria-hidden=\"true\" class=\"wp-block-spacer\"><\/div>\n\n<div class=\"wp-block-group alignwide is-layout-constrained wp-container-core-group-is-layout-ef493e3c wp-block-group-is-layout-constrained\"><p  class=\"rbc-is-hidden-on-mobile rbc-is-hidden-on-tablet\" style=\"font-size:18px\">Mirjam Zadoff, geboren 1974 in Innsbruck, studierte Geschichte und Judaistik in Wien und M\u00fcnchen. 2014 bis 2019 war sie Professorin f\u00fcr J\u00fcdische Studien und Geschichte an der Indiana University Bloomington, seit 2018 leitet sie das M\u00fcnchner NS-Dokumentationszentrum. Ihr Fokus liegt auf einer interdisziplin\u00e4ren, multiperspektivischen und inklusiven Erinnerungsarbeit. Ihre Habilitationsschrift \u201eDer rote Hiob. Das Leben des Werner Scholem\u201c (Hanser, 2014) wurde mit dem Fraenkel Prize for Contemporary History der Wiener Library, London, ausgezeichnet. In \u201eGewalt und Ged\u00e4chtnis. Globale Erinnerung im 21. Jahrhundert\u201c (Hanser, 2023) versammelt Zadoff kreative, wissenschaftliche und k\u00fcnstlerische Projekte weltweit, die veranschaulichen, wie Menschen in unterschiedlichen Kontexten Gewalt und Trauma bearbeiten und was sie dabei verbindet. Soeben erschien die Essaysammlung \u201eTrotzdem sprechen\u201c (Ullstein Verlag), die sie gemeinsam mit Lena Gorelik und Miryam Schellbach herausgegeben hat. Mirjam Zadoff war u. a. Jurymitglied des Geschwister-Scholl-Preises sowie des Deutschen Sachbuchpreises 2023.<br><br>Jutta Pilgram ist Journalistin und Comiczeichnerin aus M\u00fcnchen. Sie hat Soziologie und Literaturwissenschaft studiert, unter anderem in Hamburg, Aachen, Granada und St. Louis. Im Jaja-Verlag sind ihre Kurz-Comics \u201eZeug\u201c, \u201eSelfie\u201c und \u201eBesser\u201c erschienen. Sie war bis 2022 Redakteurin bei der S\u00fcddeutschen Zeitung und hat w\u00e4hrend eines Sabbaticals Illustration &amp; Comics an der School of Visual Arts in New York studiert. Gerade arbeitet sie an einem Comic \u00fcber eine deutsch-\u00e4gyptische Freundschaft. <a href=\"http:\/\/www.juttapilgram.de\">www.juttapilgram.de<\/a><\/p>\n\n<details class=\"wp-block-details alignwide is-layout-flow wp-block-details-is-layout-flow rbc-is-hidden-on-wide  rbc-is-hidden-on-desktop\"><summary>Information<\/summary><p>Mirjam Zadoff, geboren 1974 in Innsbruck, studierte Geschichte und Judaistik in Wien und M\u00fcnchen. 2014 bis 2019 war sie Professorin f\u00fcr J\u00fcdische Studien und Geschichte an der Indiana University Bloomington, seit 2018 leitet sie das M\u00fcnchner NS-Dokumentationszentrum. Ihr Fokus liegt auf einer interdisziplin\u00e4ren, multiperspektivischen und inklusiven Erinnerungsarbeit. Ihre Habilitationsschrift \u201eDer rote Hiob. Das Leben des Werner Scholem\u201c (Hanser, 2014) wurde mit dem Fraenkel Prize for Contemporary History der Wiener Library, London, ausgezeichnet. In \u201eGewalt und Ged\u00e4chtnis. Globale Erinnerung im 21. Jahrhundert\u201c (Hanser, 2023) versammelt Zadoff kreative, wissenschaftliche und k\u00fcnstlerische Projekte weltweit, die veranschaulichen, wie Menschen in unterschiedlichen Kontexten Gewalt und Trauma bearbeiten und was sie dabei verbindet. Soeben erschien die Essaysammlung \u201eTrotzdem sprechen\u201c (Ullstein Verlag), die sie gemeinsam mit Lena Gorelik und Miryam Schellbach herausgegeben hat. Mirjam Zadoff war u. a. Jurymitglied des Geschwister-Scholl-Preises sowie des Deutschen Sachbuchpreises 2023.<br><br>Jutta Pilgram ist Journalistin und Comiczeichnerin aus M\u00fcnchen. Sie hat Soziologie und Literaturwissenschaft studiert, unter anderem in Hamburg, Aachen, Granada und St. Louis. Im Jaja-Verlag sind ihre Kurz-Comics \u201eZeug\u201c, \u201eSelfie\u201c und \u201eBesser\u201c erschienen. Sie war bis 2022 Redakteurin bei der S\u00fcddeutschen Zeitung und hat w\u00e4hrend eines Sabbaticals Illustration &amp; Comics an der School of Visual Arts in New York studiert. Gerade arbeitet sie an einem Comic \u00fcber eine deutsch-\u00e4gyptische Freundschaft. <a href=\"http:\/\/www.juttapilgram.de\">www.juttapilgram.de<\/a><\/p><\/details><\/div>\n\n<div class=\"wp-block-group alignwide is-content-justification-space-between is-nowrap is-layout-flex wp-container-core-group-is-layout-cb46ffcb wp-block-group-is-layout-flex\"><div class=\"wp-block-group is-nowrap is-layout-flex wp-container-core-group-is-layout-6c531013 wp-block-group-is-layout-flex\"><figure class=\"wp-block-image size-full is-style-rounded\"><img loading=\"lazy\" decoding=\"async\" width=\"42\" height=\"42\" src=\"https:\/\/wiegehtesdir-comics.de\/wp-content\/uploads\/2023\/12\/Insta.png\" alt=\"\" class=\"wp-image-82\"\/><\/figure>\n\n<p class=\"has-source-serif-pro-font-family\" style=\"text-decoration:underline\"><a href=\"https:\/\/www.instagram.com\/p\/C7D19o9MTYK\/?img_index=1\">Beitrag auf Instagram<\/a><\/p><\/div>\n\n<div class=\"wp-block-group is-nowrap is-layout-flex wp-container-core-group-is-layout-6c531013 wp-block-group-is-layout-flex\"><p class=\"has-source-serif-pro-font-family\" style=\"text-decoration:underline\"><a href=\"https:\/\/wiegehtesdir-comics.de\">Startseite<\/a><\/p>\n\n<figure class=\"wp-block-image size-full\"><a href=\"https:\/\/wiegehtesdir-comics.de\" rel=\"Startseite\"><img loading=\"lazy\" decoding=\"async\" width=\"50\" height=\"50\" src=\"https:\/\/wiegehtesdir-comics.de\/wp-content\/uploads\/2023\/12\/Home-3.png\" alt=\"\" class=\"wp-image-26\"\/><\/a><\/figure><\/div><\/div><\/div>","protected":false},"excerpt":{"rendered":"<p>Mirjam Zadoff, geboren 1974 in Innsbruck, studierte Geschichte und Judaistik in Wien und M\u00fcnchen. 2014 bis 2019 war sie Professorin f\u00fcr J\u00fcdische Studien und Geschichte an der Indiana University Bloomington, seit 2018 leitet sie das M\u00fcnchner NS-Dokumentationszentrum. Ihr Fokus liegt auf einer interdisziplin\u00e4ren, multiperspektivischen und inklusiven Erinnerungsarbeit. Ihre Habilitationsschrift \u201eDer rote Hiob. Das Leben des [&hellip;]<\/p>\n","protected":false},"author":2,"featured_media":565,"comment_status":"closed","ping_status":"","sticky":false,"template":"","format":"standard","meta":{"footnotes":""},"categories":[1],"tags":[],"class_list":["post-564","post","type-post","status-publish","format-standard","has-post-thumbnail","hentry","category-allgemein"],"_links":{"self":[{"href":"https:\/\/wiegehtesdir-comics.de\/index.php?rest_route=\/wp\/v2\/posts\/564","targetHints":{"allow":["GET"]}}],"collection":[{"href":"https:\/\/wiegehtesdir-comics.de\/index.php?rest_route=\/wp\/v2\/posts"}],"about":[{"href":"https:\/\/wiegehtesdir-comics.de\/index.php?rest_route=\/wp\/v2\/types\/post"}],"author":[{"embeddable":true,"href":"https:\/\/wiegehtesdir-comics.de\/index.php?rest_route=\/wp\/v2\/users\/2"}],"replies":[{"embeddable":true,"href":"https:\/\/wiegehtesdir-comics.de\/index.php?rest_route=%2Fwp%2Fv2%2Fcomments&post=564"}],"version-history":[{"count":3,"href":"https:\/\/wiegehtesdir-comics.de\/index.php?rest_route=\/wp\/v2\/posts\/564\/revisions"}],"predecessor-version":[{"id":568,"href":"https:\/\/wiegehtesdir-comics.de\/index.php?rest_route=\/wp\/v2\/posts\/564\/revisions\/568"}],"wp:featuredmedia":[{"embeddable":true,"href":"https:\/\/wiegehtesdir-comics.de\/index.php?rest_route=\/wp\/v2\/media\/565"}],"wp:attachment":[{"href":"https:\/\/wiegehtesdir-comics.de\/index.php?rest_route=%2Fwp%2Fv2%2Fmedia&parent=564"}],"wp:term":[{"taxonomy":"category","embeddable":true,"href":"https:\/\/wiegehtesdir-comics.de\/index.php?rest_route=%2Fwp%2Fv2%2Fcategories&post=564"},{"taxonomy":"post_tag","embeddable":true,"href":"https:\/\/wiegehtesdir-comics.de\/index.php?rest_route=%2Fwp%2Fv2%2Ftags&post=564"}],"curies":[{"name":"wp","href":"https:\/\/api.w.org\/{rel}","templated":true}]}}