{"id":558,"date":"2024-05-10T11:51:17","date_gmt":"2024-05-10T09:51:17","guid":{"rendered":"https:\/\/wiegehtesdir-comics.de\/?p=558"},"modified":"2024-05-10T11:51:17","modified_gmt":"2024-05-10T09:51:17","slug":"moritz-stetter-esra","status":"publish","type":"post","link":"https:\/\/wiegehtesdir-comics.de\/?p=558","title":{"rendered":"Moritz Stetter: &#8222;Esra&#8220;"},"content":{"rendered":"<div class=\"wp-block-group alignfull is-layout-constrained wp-container-core-group-is-layout-4bf3f388 wp-block-group-is-layout-constrained\"><div class=\"wp-block-group alignwide has-source-serif-pro-font-family is-nowrap is-layout-flex wp-container-core-group-is-layout-6c531013 wp-block-group-is-layout-flex\" id=\"oben\"><div style=\"font-size:18px;\" class=\"wp-block-post-date\"><time datetime=\"2024-05-10T11:51:17+02:00\">10. Mai 2024<\/time><\/div><\/div>\n\n<div class=\"wp-block-group alignwide has-source-serif-pro-font-family is-layout-constrained wp-container-core-group-is-layout-ef493e3c wp-block-group-is-layout-constrained\" style=\"font-size:24px\"><h2 style=\"font-size:24px;font-style:normal;font-weight:600;\" class=\"alignwide wp-block-post-title\">Moritz Stetter: &#8222;Esra&#8220;<\/h2><\/div>\n\n<div style=\"height:20px\" aria-hidden=\"true\" class=\"wp-block-spacer\"><\/div>\n\n<div class=\"wp-block-group alignwide is-layout-constrained wp-container-core-group-is-layout-ef493e3c wp-block-group-is-layout-constrained\"><figure data-wp-context=\"{&quot;imageId&quot;:&quot;69f4af60b2207&quot;}\" data-wp-interactive=\"core\/image\" data-wp-key=\"69f4af60b2207\" class=\"wp-block-image alignwide size-full rbc-is-hidden-on-tablet  rbc-is-hidden-on-mobile wp-lightbox-container\"><img loading=\"lazy\" decoding=\"async\" width=\"2433\" height=\"2560\" data-wp-class--hide=\"state.isContentHidden\" data-wp-class--show=\"state.isContentVisible\" data-wp-init=\"callbacks.setButtonStyles\" data-wp-on--click=\"actions.showLightbox\" data-wp-on--load=\"callbacks.setButtonStyles\" data-wp-on-window--resize=\"callbacks.setButtonStyles\" src=\"https:\/\/wiegehtesdir-comics.de\/wp-content\/uploads\/2024\/05\/Esra_MoritzStetter_croped-scaled.jpg\" alt=\"\" class=\"wp-image-559\" srcset=\"https:\/\/wiegehtesdir-comics.de\/wp-content\/uploads\/2024\/05\/Esra_MoritzStetter_croped-scaled.jpg 2433w, https:\/\/wiegehtesdir-comics.de\/wp-content\/uploads\/2024\/05\/Esra_MoritzStetter_croped-285x300.jpg 285w, https:\/\/wiegehtesdir-comics.de\/wp-content\/uploads\/2024\/05\/Esra_MoritzStetter_croped-973x1024.jpg 973w, https:\/\/wiegehtesdir-comics.de\/wp-content\/uploads\/2024\/05\/Esra_MoritzStetter_croped-768x808.jpg 768w, https:\/\/wiegehtesdir-comics.de\/wp-content\/uploads\/2024\/05\/Esra_MoritzStetter_croped-1460x1536.jpg 1460w, https:\/\/wiegehtesdir-comics.de\/wp-content\/uploads\/2024\/05\/Esra_MoritzStetter_croped-1946x2048.jpg 1946w\" sizes=\"auto, (max-width: 2433px) 100vw, 2433px\" \/><button\n\t\t\tclass=\"lightbox-trigger\"\n\t\t\ttype=\"button\"\n\t\t\taria-haspopup=\"dialog\"\n\t\t\taria-label=\"Vergr\u00f6\u00dfern\"\n\t\t\tdata-wp-init=\"callbacks.initTriggerButton\"\n\t\t\tdata-wp-on--click=\"actions.showLightbox\"\n\t\t\tdata-wp-style--right=\"state.imageButtonRight\"\n\t\t\tdata-wp-style--top=\"state.imageButtonTop\"\n\t\t>\n\t\t\t<svg xmlns=\"http:\/\/www.w3.org\/2000\/svg\" width=\"12\" height=\"12\" fill=\"none\" viewBox=\"0 0 12 12\">\n\t\t\t\t<path fill=\"#fff\" d=\"M2 0a2 2 0 0 0-2 2v2h1.5V2a.5.5 0 0 1 .5-.5h2V0H2Zm2 10.5H2a.5.5 0 0 1-.5-.5V8H0v2a2 2 0 0 0 2 2h2v-1.5ZM8 12v-1.5h2a.5.5 0 0 0 .5-.5V8H12v2a2 2 0 0 1-2 2H8Zm2-12a2 2 0 0 1 2 2v2h-1.5V2a.5.5 0 0 0-.5-.5H8V0h2Z\" \/>\n\t\t\t<\/svg>\n\t\t<\/button><\/figure>\n\n<figure class=\"wp-block-image alignwide size-full rbc-is-hidden-on-wide  rbc-is-hidden-on-desktop\"><img loading=\"lazy\" decoding=\"async\" width=\"2433\" height=\"2560\" src=\"https:\/\/wiegehtesdir-comics.de\/wp-content\/uploads\/2024\/05\/Esra_MoritzStetter_croped-scaled.jpg\" alt=\"\" class=\"wp-image-559\" srcset=\"https:\/\/wiegehtesdir-comics.de\/wp-content\/uploads\/2024\/05\/Esra_MoritzStetter_croped-scaled.jpg 2433w, https:\/\/wiegehtesdir-comics.de\/wp-content\/uploads\/2024\/05\/Esra_MoritzStetter_croped-285x300.jpg 285w, https:\/\/wiegehtesdir-comics.de\/wp-content\/uploads\/2024\/05\/Esra_MoritzStetter_croped-973x1024.jpg 973w, https:\/\/wiegehtesdir-comics.de\/wp-content\/uploads\/2024\/05\/Esra_MoritzStetter_croped-768x808.jpg 768w, https:\/\/wiegehtesdir-comics.de\/wp-content\/uploads\/2024\/05\/Esra_MoritzStetter_croped-1460x1536.jpg 1460w, https:\/\/wiegehtesdir-comics.de\/wp-content\/uploads\/2024\/05\/Esra_MoritzStetter_croped-1946x2048.jpg 1946w\" sizes=\"auto, (max-width: 2433px) 100vw, 2433px\" \/><\/figure><\/div>\n\n<div style=\"height:20px\" aria-hidden=\"true\" class=\"wp-block-spacer\"><\/div>\n\n<div class=\"wp-block-group alignwide is-layout-constrained wp-container-core-group-is-layout-ef493e3c wp-block-group-is-layout-constrained\"><p  class=\"rbc-is-hidden-on-mobile rbc-is-hidden-on-tablet\" style=\"font-size:18px\">Der Text dieses Beitrags stammt von der Autorin Esra Canpalat und entstand am vierten Jahrestag des rassistischen Anschlags in Hanau (also am 19.02.2024). Der Zeichner Moritz Stetter hat ihn f\u00fcr die Aktion \u201eWie geht es dir? \u2013 Zeichner*innen gegen Antisemitismus, Hass und Rassismus\u201c illustriert.<br><br>Esra Canpalat ist Autorin und Literaturwissenschaftlerin aus dem Ruhrgebiet. Sie studierte Allgemeine und Vergleichende Literaturwissenschaft und Kunstgeschichte an der Ruhr-Universit\u00e4t Bochum. Aus einer antirassistischen, transkulturellen und feministischen Position heraus schreibt sie Erz\u00e4hlungen, Essays, wissenschaftliche Artikel und kulturvermittelnde Texte. Sie interessiert sich f\u00fcr Autofiktion, Dokumentation und Erinnern. Canpalat ist Preistr\u00e4gerin des F\u00f6rderpreises Ruhr 2021 und wurde im Literaturwettbewerb \u201e60 Jahre Migration aus der T\u00fcrkei \u2013 Neue Hoffnungen\u201c ausgezeichnet. Derzeit arbeitet sie an einem Romanprojekt \u00fcber postmigrantische Erinnerung und intergenerationelle Traumata. Ihre Kolumne \u201eVom Rande aus\u201c erscheint online bei interkultur.ruhr. <a href=\"http:\/\/www.esracanpalat.com\">www.esracanpalat.com<\/a><br><br>Moritz Stetter, 1983 geboren, lebt als Comick\u00fcnstler und Illustrator in Hamburg. Bei seinen Ausbildungen an der Akademie f\u00fcr Kommunikation Baden-W\u00fcrttemberg sowie der Animation School Hamburg lernte er vorrangig, dass er sich weder f\u00fcr die Werbebranche noch als Animationszeichner eignet und verschrieb sich daraufhin ganz dem Medium Comic. Seit 2008 ist er freiberuflich als Zeichner und Autor von Graphic Novels sowie als Portr\u00e4tzeichner, Illustrator und Workshopleiter t\u00e4tig. Schwerpunkte seiner Publikationen (u.a. Knesebeck Verlag, Jaja Verlag) bilden biografische und historische Stoffe, Reflexionen unserer Zeit sowie die visuelle Vermittlung komplexer Sachthemen. Er adaptierte unter anderem Franz Kafkas \u201eDas Urteil\u201c als Comic und legte 2020 mit \u201eMythos Beethoven\u201c eine Graphic Novel \u00fcber den Komponisten vor. Moritz Stetter geh\u00f6rt zu den Initiator*innen des Projekts \u201eWie geht es dir?\u201c. <a href=\"http:\/\/www.moritz-stetter.de\">www.moritz-stetter.de<\/a><\/p>\n\n<details class=\"wp-block-details alignwide is-layout-flow wp-block-details-is-layout-flow rbc-is-hidden-on-wide  rbc-is-hidden-on-desktop\"><summary>Information<\/summary><p>Der Text dieses Beitrags stammt von der Autorin Esra Canpalat und entstand am vierten Jahrestag des rassistischen Anschlags in Hanau (also am 19.02.2024). Der Zeichner Moritz Stetter hat ihn f\u00fcr die Aktion \u201eWie geht es dir? \u2013 Zeichner*innen gegen Antisemitismus, Hass und Rassismus\u201c illustriert.<br><br>Esra Canpalat ist Autorin und Literaturwissenschaftlerin aus dem Ruhrgebiet. Sie studierte Allgemeine und Vergleichende Literaturwissenschaft und Kunstgeschichte an der Ruhr-Universit\u00e4t Bochum. Aus einer antirassistischen, transkulturellen und feministischen Position heraus schreibt sie Erz\u00e4hlungen, Essays, wissenschaftliche Artikel und kulturvermittelnde Texte. Sie interessiert sich f\u00fcr Autofiktion, Dokumentation und Erinnern. Canpalat ist Preistr\u00e4gerin des F\u00f6rderpreises Ruhr 2021 und wurde im Literaturwettbewerb \u201e60 Jahre Migration aus der T\u00fcrkei \u2013 Neue Hoffnungen\u201c ausgezeichnet. Derzeit arbeitet sie an einem Romanprojekt \u00fcber postmigrantische Erinnerung und intergenerationelle Traumata. Ihre Kolumne \u201eVom Rande aus\u201c erscheint online bei interkultur.ruhr. <a href=\"http:\/\/www.esracanpalat.com\">www.esracanpalat.com<\/a><br><br>Moritz Stetter, 1983 geboren, lebt als Comick\u00fcnstler und Illustrator in Hamburg. Bei seinen Ausbildungen an der Akademie f\u00fcr Kommunikation Baden-W\u00fcrttemberg sowie der Animation School Hamburg lernte er vorrangig, dass er sich weder f\u00fcr die Werbebranche noch als Animationszeichner eignet und verschrieb sich daraufhin ganz dem Medium Comic. Seit 2008 ist er freiberuflich als Zeichner und Autor von Graphic Novels sowie als Portr\u00e4tzeichner, Illustrator und Workshopleiter t\u00e4tig. Schwerpunkte seiner Publikationen (u.a. Knesebeck Verlag, Jaja Verlag) bilden biografische und historische Stoffe, Reflexionen unserer Zeit sowie die visuelle Vermittlung komplexer Sachthemen. Er adaptierte unter anderem Franz Kafkas \u201eDas Urteil\u201c als Comic und legte 2020 mit \u201eMythos Beethoven\u201c eine Graphic Novel \u00fcber den Komponisten vor. Moritz Stetter geh\u00f6rt zu den Initiator*innen des Projekts \u201eWie geht es dir?\u201c. <a href=\"http:\/\/www.moritz-stetter.de\">www.moritz-stetter.de<\/a><\/p><\/details><\/div>\n\n<div class=\"wp-block-group alignwide is-content-justification-space-between is-nowrap is-layout-flex wp-container-core-group-is-layout-cb46ffcb wp-block-group-is-layout-flex\"><div class=\"wp-block-group is-nowrap is-layout-flex wp-container-core-group-is-layout-6c531013 wp-block-group-is-layout-flex\"><figure class=\"wp-block-image size-full is-style-rounded\"><img loading=\"lazy\" decoding=\"async\" width=\"42\" height=\"42\" src=\"https:\/\/wiegehtesdir-comics.de\/wp-content\/uploads\/2023\/12\/Insta.png\" alt=\"\" class=\"wp-image-82\"\/><\/figure>\n\n<p class=\"has-source-serif-pro-font-family\" style=\"text-decoration:underline\"><a href=\"https:\/\/www.instagram.com\/p\/C6x0RmEsts4\/?img_index=1\">Beitrag auf Instagram<\/a><\/p><\/div>\n\n<div class=\"wp-block-group is-nowrap is-layout-flex wp-container-core-group-is-layout-6c531013 wp-block-group-is-layout-flex\"><p class=\"has-source-serif-pro-font-family\" style=\"text-decoration:underline\"><a href=\"https:\/\/wiegehtesdir-comics.de\">Startseite<\/a><\/p>\n\n<figure class=\"wp-block-image size-full\"><a href=\"https:\/\/wiegehtesdir-comics.de\" rel=\"Startseite\"><img loading=\"lazy\" decoding=\"async\" width=\"50\" height=\"50\" src=\"https:\/\/wiegehtesdir-comics.de\/wp-content\/uploads\/2023\/12\/Home-3.png\" alt=\"\" class=\"wp-image-26\"\/><\/a><\/figure><\/div><\/div><\/div>","protected":false},"excerpt":{"rendered":"<p>Der Text dieses Beitrags stammt von der Autorin Esra Canpalat und entstand am vierten Jahrestag des rassistischen Anschlags in Hanau (also am 19.02.2024). Der Zeichner Moritz Stetter hat ihn f\u00fcr die Aktion \u201eWie geht es dir? \u2013 Zeichner*innen gegen Antisemitismus, Hass und Rassismus\u201c illustriert. Esra Canpalat ist Autorin und Literaturwissenschaftlerin aus dem Ruhrgebiet. Sie studierte [&hellip;]<\/p>\n","protected":false},"author":2,"featured_media":559,"comment_status":"closed","ping_status":"","sticky":false,"template":"","format":"standard","meta":{"footnotes":""},"categories":[1],"tags":[],"class_list":["post-558","post","type-post","status-publish","format-standard","has-post-thumbnail","hentry","category-allgemein"],"_links":{"self":[{"href":"https:\/\/wiegehtesdir-comics.de\/index.php?rest_route=\/wp\/v2\/posts\/558","targetHints":{"allow":["GET"]}}],"collection":[{"href":"https:\/\/wiegehtesdir-comics.de\/index.php?rest_route=\/wp\/v2\/posts"}],"about":[{"href":"https:\/\/wiegehtesdir-comics.de\/index.php?rest_route=\/wp\/v2\/types\/post"}],"author":[{"embeddable":true,"href":"https:\/\/wiegehtesdir-comics.de\/index.php?rest_route=\/wp\/v2\/users\/2"}],"replies":[{"embeddable":true,"href":"https:\/\/wiegehtesdir-comics.de\/index.php?rest_route=%2Fwp%2Fv2%2Fcomments&post=558"}],"version-history":[{"count":1,"href":"https:\/\/wiegehtesdir-comics.de\/index.php?rest_route=\/wp\/v2\/posts\/558\/revisions"}],"predecessor-version":[{"id":560,"href":"https:\/\/wiegehtesdir-comics.de\/index.php?rest_route=\/wp\/v2\/posts\/558\/revisions\/560"}],"wp:featuredmedia":[{"embeddable":true,"href":"https:\/\/wiegehtesdir-comics.de\/index.php?rest_route=\/wp\/v2\/media\/559"}],"wp:attachment":[{"href":"https:\/\/wiegehtesdir-comics.de\/index.php?rest_route=%2Fwp%2Fv2%2Fmedia&parent=558"}],"wp:term":[{"taxonomy":"category","embeddable":true,"href":"https:\/\/wiegehtesdir-comics.de\/index.php?rest_route=%2Fwp%2Fv2%2Fcategories&post=558"},{"taxonomy":"post_tag","embeddable":true,"href":"https:\/\/wiegehtesdir-comics.de\/index.php?rest_route=%2Fwp%2Fv2%2Ftags&post=558"}],"curies":[{"name":"wp","href":"https:\/\/api.w.org\/{rel}","templated":true}]}}