{"id":527,"date":"2024-04-12T19:09:45","date_gmt":"2024-04-12T17:09:45","guid":{"rendered":"https:\/\/wiegehtesdir-comics.de\/?p=527"},"modified":"2024-04-12T19:09:45","modified_gmt":"2024-04-12T17:09:45","slug":"tine-steen-itay","status":"publish","type":"post","link":"https:\/\/wiegehtesdir-comics.de\/?p=527","title":{"rendered":"Tine Steen: &#8222;Itay&#8220;"},"content":{"rendered":"<div class=\"wp-block-group alignfull is-layout-constrained wp-container-core-group-is-layout-4bf3f388 wp-block-group-is-layout-constrained\"><div class=\"wp-block-group alignwide has-source-serif-pro-font-family is-nowrap is-layout-flex wp-container-core-group-is-layout-6c531013 wp-block-group-is-layout-flex\" id=\"oben\"><div style=\"font-size:18px;\" class=\"wp-block-post-date\"><time datetime=\"2024-04-12T19:09:45+02:00\">12. April 2024<\/time><\/div><\/div>\n\n<div class=\"wp-block-group alignwide has-source-serif-pro-font-family is-layout-constrained wp-container-core-group-is-layout-ef493e3c wp-block-group-is-layout-constrained\" style=\"font-size:24px\"><h2 style=\"font-size:24px;font-style:normal;font-weight:600;\" class=\"alignwide wp-block-post-title\">Tine Steen: &#8222;Itay&#8220;<\/h2><\/div>\n\n<div style=\"height:20px\" aria-hidden=\"true\" class=\"wp-block-spacer\"><\/div>\n\n<div class=\"wp-block-group alignwide is-layout-constrained wp-container-core-group-is-layout-ef493e3c wp-block-group-is-layout-constrained\"><figure data-wp-context=\"{&quot;imageId&quot;:&quot;69f4afab6f3a7&quot;}\" data-wp-interactive=\"core\/image\" data-wp-key=\"69f4afab6f3a7\" class=\"wp-block-image alignwide size-full rbc-is-hidden-on-tablet  rbc-is-hidden-on-mobile wp-lightbox-container\"><img loading=\"lazy\" decoding=\"async\" width=\"2560\" height=\"2560\" data-wp-class--hide=\"state.isContentHidden\" data-wp-class--show=\"state.isContentVisible\" data-wp-init=\"callbacks.setButtonStyles\" data-wp-on--click=\"actions.showLightbox\" data-wp-on--load=\"callbacks.setButtonStyles\" data-wp-on-window--resize=\"callbacks.setButtonStyles\" src=\"https:\/\/wiegehtesdir-comics.de\/wp-content\/uploads\/2024\/04\/Itay_TineSteen-scaled.jpg\" alt=\"\" class=\"wp-image-528\" srcset=\"https:\/\/wiegehtesdir-comics.de\/wp-content\/uploads\/2024\/04\/Itay_TineSteen-scaled.jpg 2560w, https:\/\/wiegehtesdir-comics.de\/wp-content\/uploads\/2024\/04\/Itay_TineSteen-300x300.jpg 300w, https:\/\/wiegehtesdir-comics.de\/wp-content\/uploads\/2024\/04\/Itay_TineSteen-1024x1024.jpg 1024w, https:\/\/wiegehtesdir-comics.de\/wp-content\/uploads\/2024\/04\/Itay_TineSteen-150x150.jpg 150w, https:\/\/wiegehtesdir-comics.de\/wp-content\/uploads\/2024\/04\/Itay_TineSteen-768x768.jpg 768w, https:\/\/wiegehtesdir-comics.de\/wp-content\/uploads\/2024\/04\/Itay_TineSteen-1536x1536.jpg 1536w\" sizes=\"auto, (max-width: 2560px) 100vw, 2560px\" \/><button\n\t\t\tclass=\"lightbox-trigger\"\n\t\t\ttype=\"button\"\n\t\t\taria-haspopup=\"dialog\"\n\t\t\taria-label=\"Vergr\u00f6\u00dfern\"\n\t\t\tdata-wp-init=\"callbacks.initTriggerButton\"\n\t\t\tdata-wp-on--click=\"actions.showLightbox\"\n\t\t\tdata-wp-style--right=\"state.imageButtonRight\"\n\t\t\tdata-wp-style--top=\"state.imageButtonTop\"\n\t\t>\n\t\t\t<svg xmlns=\"http:\/\/www.w3.org\/2000\/svg\" width=\"12\" height=\"12\" fill=\"none\" viewBox=\"0 0 12 12\">\n\t\t\t\t<path fill=\"#fff\" d=\"M2 0a2 2 0 0 0-2 2v2h1.5V2a.5.5 0 0 1 .5-.5h2V0H2Zm2 10.5H2a.5.5 0 0 1-.5-.5V8H0v2a2 2 0 0 0 2 2h2v-1.5ZM8 12v-1.5h2a.5.5 0 0 0 .5-.5V8H12v2a2 2 0 0 1-2 2H8Zm2-12a2 2 0 0 1 2 2v2h-1.5V2a.5.5 0 0 0-.5-.5H8V0h2Z\" \/>\n\t\t\t<\/svg>\n\t\t<\/button><\/figure>\n\n<figure class=\"wp-block-image alignwide size-full rbc-is-hidden-on-wide  rbc-is-hidden-on-desktop\"><img loading=\"lazy\" decoding=\"async\" width=\"2560\" height=\"2560\" src=\"https:\/\/wiegehtesdir-comics.de\/wp-content\/uploads\/2024\/04\/Itay_TineSteen-scaled.jpg\" alt=\"\" class=\"wp-image-528\" srcset=\"https:\/\/wiegehtesdir-comics.de\/wp-content\/uploads\/2024\/04\/Itay_TineSteen-scaled.jpg 2560w, https:\/\/wiegehtesdir-comics.de\/wp-content\/uploads\/2024\/04\/Itay_TineSteen-300x300.jpg 300w, https:\/\/wiegehtesdir-comics.de\/wp-content\/uploads\/2024\/04\/Itay_TineSteen-1024x1024.jpg 1024w, https:\/\/wiegehtesdir-comics.de\/wp-content\/uploads\/2024\/04\/Itay_TineSteen-150x150.jpg 150w, https:\/\/wiegehtesdir-comics.de\/wp-content\/uploads\/2024\/04\/Itay_TineSteen-768x768.jpg 768w, https:\/\/wiegehtesdir-comics.de\/wp-content\/uploads\/2024\/04\/Itay_TineSteen-1536x1536.jpg 1536w\" sizes=\"auto, (max-width: 2560px) 100vw, 2560px\" \/><\/figure><\/div>\n\n<div style=\"height:20px\" aria-hidden=\"true\" class=\"wp-block-spacer\"><\/div>\n\n<div class=\"wp-block-group alignwide is-layout-constrained wp-container-core-group-is-layout-ef493e3c wp-block-group-is-layout-constrained\"><p  class=\"rbc-is-hidden-on-mobile rbc-is-hidden-on-tablet\" style=\"font-size:18px\">Tine Steen, geboren 1965 in Darmstadt, studierte in Paris, Rotterdam und an der St\u00e4delschule in Frankfurt Malerei. Sie lebt in Berlin und besch\u00e4ftigt sich in ihren textilen Masken und B\u00fcsten mit der Konstruktion und Wahrnehmung von Identit\u00e4t durch das menschliche Gesicht. 1994 entwarf sie gemeinsam mit dem Architekten Klaus Schlosser das j\u00fcdische Mahnmal der Gedenkst\u00e4tte des Konzentrationslagers Buchenwald. Das laufende Buchprojekt \u201eDie kochenden Affen\u201c betrachtet die Entstehungsgeschichte der Gattung Mensch aus dem Blickwinkel des Kochens und wurde 2023 als Finalist f\u00fcr den Comicbuchpreis der Berthold Leibinger Stiftung ausgezeichnet. <a href=\"http:\/\/www.tinesteen.net\">www.tinesteen.net<\/a>\u00a0<br><br>Itay Dvori wurde in Israel geboren und lebt heute in Berlin. Nachdem er das Kunstgymnasium in Tel-Aviv absolviert hatte, trat er f\u00fcr drei Jahre als Pianist und Arrangeur in den Armeedienst ein. Es folgte ein Jurastudium an der Universit\u00e4t Tel-Aviv. Parallel dazu absolvierte er ein Musikstudium an der Hochschule f\u00fcr Musik Tel-Aviv mit den Hauptf\u00e4chern Orchesterdirigieren und Komposition. Danach studierte er an der Hochschule f\u00fcr Musik \u201eHanns Eisler\u201c in Berlin und wurde 2004 in das F\u00f6rderprogramm \u201eDirigentenforum\u201c des Deutschen Musikrates aufgenommen. Er besuchte Meisterkurse u. a. bei Zubin Mehta, Roland Seiffarth und Reinhard Goebel. Itay Dvoris Kompositionen wurden von Instrumental- und Vokalensembles in Europa und Israel aufgef\u00fchrt, daneben komponiert er f\u00fcr Theater und Film. Er arbeitet als Dirigent mit Orchestern und Ch\u00f6ren, f\u00fcr Konzerte in Israel, Europa, Nordamerika und Asien. Au\u00dferdem tritt er regelm\u00e4\u00dfig als Pianist auf. Mit dem von ihm 2016 gegr\u00fcndeten yam yabasha ensemble sowie als Solopianist veranstaltet Dvori Comic-Konzerte, bei denen er Musik zu Comics internationaler Zeichner*innen komponiert und improvisiert. <a href=\"http:\/\/www.itaydvori.com\">www.itaydvori.com<\/a><\/p>\n\n<details class=\"wp-block-details alignwide is-layout-flow wp-block-details-is-layout-flow rbc-is-hidden-on-wide  rbc-is-hidden-on-desktop\"><summary>Information<\/summary><p>Tine Steen, geboren 1965 in Darmstadt, studierte in Paris, Rotterdam und an der St\u00e4delschule in Frankfurt Malerei. Sie lebt in Berlin und besch\u00e4ftigt sich in ihren textilen Masken und B\u00fcsten mit der Konstruktion und Wahrnehmung von Identit\u00e4t durch das menschliche Gesicht. 1994 entwarf sie gemeinsam mit dem Architekten Klaus Schlosser das j\u00fcdische Mahnmal der Gedenkst\u00e4tte des Konzentrationslagers Buchenwald. Das laufende Buchprojekt \u201eDie kochenden Affen\u201c betrachtet die Entstehungsgeschichte der Gattung Mensch aus dem Blickwinkel des Kochens und wurde 2023 als Finalist f\u00fcr den Comicbuchpreis der Berthold Leibinger Stiftung ausgezeichnet. <a href=\"http:\/\/www.tinesteen.net\">www.tinesteen.net<\/a>\u00a0<br><br>Itay Dvori wurde in Israel geboren und lebt heute in Berlin. Nachdem er das Kunstgymnasium in Tel-Aviv absolviert hatte, trat er f\u00fcr drei Jahre als Pianist und Arrangeur in den Armeedienst ein. Es folgte ein Jurastudium an der Universit\u00e4t Tel-Aviv. Parallel dazu absolvierte er ein Musikstudium an der Hochschule f\u00fcr Musik Tel-Aviv mit den Hauptf\u00e4chern Orchesterdirigieren und Komposition. Danach studierte er an der Hochschule f\u00fcr Musik \u201eHanns Eisler\u201c in Berlin und wurde 2004 in das F\u00f6rderprogramm \u201eDirigentenforum\u201c des Deutschen Musikrates aufgenommen. Er besuchte Meisterkurse u. a. bei Zubin Mehta, Roland Seiffarth und Reinhard Goebel. Itay Dvoris Kompositionen wurden von Instrumental- und Vokalensembles in Europa und Israel aufgef\u00fchrt, daneben komponiert er f\u00fcr Theater und Film. Er arbeitet als Dirigent mit Orchestern und Ch\u00f6ren, f\u00fcr Konzerte in Israel, Europa, Nordamerika und Asien. Au\u00dferdem tritt er regelm\u00e4\u00dfig als Pianist auf. Mit dem von ihm 2016 gegr\u00fcndeten yam yabasha ensemble sowie als Solopianist veranstaltet Dvori Comic-Konzerte, bei denen er Musik zu Comics internationaler Zeichner*innen komponiert und improvisiert. <a href=\"http:\/\/www.itaydvori.com\">www.itaydvori.com<\/a><\/p><\/details><\/div>\n\n<div class=\"wp-block-group alignwide is-content-justification-space-between is-nowrap is-layout-flex wp-container-core-group-is-layout-cb46ffcb wp-block-group-is-layout-flex\"><div class=\"wp-block-group is-nowrap is-layout-flex wp-container-core-group-is-layout-6c531013 wp-block-group-is-layout-flex\"><figure class=\"wp-block-image size-full is-style-rounded\"><img loading=\"lazy\" decoding=\"async\" width=\"42\" height=\"42\" src=\"https:\/\/wiegehtesdir-comics.de\/wp-content\/uploads\/2023\/12\/Insta.png\" alt=\"\" class=\"wp-image-82\"\/><\/figure>\n\n<p class=\"has-source-serif-pro-font-family\" style=\"text-decoration:underline\"><a href=\"https:\/\/www.instagram.com\/p\/C5qstZgsXdL\/?img_index=1\">Beitrag auf Instagram<\/a><\/p><\/div>\n\n<div class=\"wp-block-group is-nowrap is-layout-flex wp-container-core-group-is-layout-6c531013 wp-block-group-is-layout-flex\"><p class=\"has-source-serif-pro-font-family\" style=\"text-decoration:underline\"><a href=\"https:\/\/wiegehtesdir-comics.de\">Startseite<\/a><\/p>\n\n<figure class=\"wp-block-image size-full\"><a href=\"https:\/\/wiegehtesdir-comics.de\" rel=\"Startseite\"><img loading=\"lazy\" decoding=\"async\" width=\"50\" height=\"50\" src=\"https:\/\/wiegehtesdir-comics.de\/wp-content\/uploads\/2023\/12\/Home-3.png\" alt=\"\" class=\"wp-image-26\"\/><\/a><\/figure><\/div><\/div><\/div>","protected":false},"excerpt":{"rendered":"<p>Tine Steen, geboren 1965 in Darmstadt, studierte in Paris, Rotterdam und an der St\u00e4delschule in Frankfurt Malerei. Sie lebt in Berlin und besch\u00e4ftigt sich in ihren textilen Masken und B\u00fcsten mit der Konstruktion und Wahrnehmung von Identit\u00e4t durch das menschliche Gesicht. 1994 entwarf sie gemeinsam mit dem Architekten Klaus Schlosser das j\u00fcdische Mahnmal der Gedenkst\u00e4tte [&hellip;]<\/p>\n","protected":false},"author":2,"featured_media":528,"comment_status":"closed","ping_status":"","sticky":false,"template":"","format":"standard","meta":{"footnotes":""},"categories":[1],"tags":[],"class_list":["post-527","post","type-post","status-publish","format-standard","has-post-thumbnail","hentry","category-allgemein"],"_links":{"self":[{"href":"https:\/\/wiegehtesdir-comics.de\/index.php?rest_route=\/wp\/v2\/posts\/527","targetHints":{"allow":["GET"]}}],"collection":[{"href":"https:\/\/wiegehtesdir-comics.de\/index.php?rest_route=\/wp\/v2\/posts"}],"about":[{"href":"https:\/\/wiegehtesdir-comics.de\/index.php?rest_route=\/wp\/v2\/types\/post"}],"author":[{"embeddable":true,"href":"https:\/\/wiegehtesdir-comics.de\/index.php?rest_route=\/wp\/v2\/users\/2"}],"replies":[{"embeddable":true,"href":"https:\/\/wiegehtesdir-comics.de\/index.php?rest_route=%2Fwp%2Fv2%2Fcomments&post=527"}],"version-history":[{"count":1,"href":"https:\/\/wiegehtesdir-comics.de\/index.php?rest_route=\/wp\/v2\/posts\/527\/revisions"}],"predecessor-version":[{"id":529,"href":"https:\/\/wiegehtesdir-comics.de\/index.php?rest_route=\/wp\/v2\/posts\/527\/revisions\/529"}],"wp:featuredmedia":[{"embeddable":true,"href":"https:\/\/wiegehtesdir-comics.de\/index.php?rest_route=\/wp\/v2\/media\/528"}],"wp:attachment":[{"href":"https:\/\/wiegehtesdir-comics.de\/index.php?rest_route=%2Fwp%2Fv2%2Fmedia&parent=527"}],"wp:term":[{"taxonomy":"category","embeddable":true,"href":"https:\/\/wiegehtesdir-comics.de\/index.php?rest_route=%2Fwp%2Fv2%2Fcategories&post=527"},{"taxonomy":"post_tag","embeddable":true,"href":"https:\/\/wiegehtesdir-comics.de\/index.php?rest_route=%2Fwp%2Fv2%2Ftags&post=527"}],"curies":[{"name":"wp","href":"https:\/\/api.w.org\/{rel}","templated":true}]}}