{"id":518,"date":"2024-04-05T10:52:54","date_gmt":"2024-04-05T08:52:54","guid":{"rendered":"https:\/\/wiegehtesdir-comics.de\/?p=518"},"modified":"2024-04-06T10:35:14","modified_gmt":"2024-04-06T08:35:14","slug":"julia-zejn-joana","status":"publish","type":"post","link":"https:\/\/wiegehtesdir-comics.de\/?p=518","title":{"rendered":"Julia Zejn: &#8222;Joana&#8220;"},"content":{"rendered":"<div class=\"wp-block-group alignfull is-layout-constrained wp-container-core-group-is-layout-4bf3f388 wp-block-group-is-layout-constrained\"><div class=\"wp-block-group alignwide has-source-serif-pro-font-family is-nowrap is-layout-flex wp-container-core-group-is-layout-6c531013 wp-block-group-is-layout-flex\" id=\"oben\"><div style=\"font-size:18px;\" class=\"wp-block-post-date\"><time datetime=\"2024-04-05T10:52:54+02:00\">5. April 2024<\/time><\/div><\/div>\n\n<div class=\"wp-block-group alignwide has-source-serif-pro-font-family is-layout-constrained wp-container-core-group-is-layout-ef493e3c wp-block-group-is-layout-constrained\" style=\"font-size:24px\"><h2 style=\"font-size:24px;font-style:normal;font-weight:600;\" class=\"alignwide wp-block-post-title\">Julia Zejn: &#8222;Joana&#8220;<\/h2><\/div>\n\n<div style=\"height:20px\" aria-hidden=\"true\" class=\"wp-block-spacer\"><\/div>\n\n<div class=\"wp-block-group alignwide is-layout-constrained wp-container-core-group-is-layout-ef493e3c wp-block-group-is-layout-constrained\"><figure data-wp-context=\"{&quot;imageId&quot;:&quot;69f4afd2a051a&quot;}\" data-wp-interactive=\"core\/image\" data-wp-key=\"69f4afd2a051a\" class=\"wp-block-image alignwide size-full rbc-is-hidden-on-tablet  rbc-is-hidden-on-mobile wp-lightbox-container\"><img loading=\"lazy\" decoding=\"async\" width=\"2048\" height=\"2048\" data-wp-class--hide=\"state.isContentHidden\" data-wp-class--show=\"state.isContentVisible\" data-wp-init=\"callbacks.setButtonStyles\" data-wp-on--click=\"actions.showLightbox\" data-wp-on--load=\"callbacks.setButtonStyles\" data-wp-on-window--resize=\"callbacks.setButtonStyles\" src=\"https:\/\/wiegehtesdir-comics.de\/wp-content\/uploads\/2024\/04\/Joana_JuliaZejn.jpg\" alt=\"\" class=\"wp-image-519\" srcset=\"https:\/\/wiegehtesdir-comics.de\/wp-content\/uploads\/2024\/04\/Joana_JuliaZejn.jpg 2048w, https:\/\/wiegehtesdir-comics.de\/wp-content\/uploads\/2024\/04\/Joana_JuliaZejn-300x300.jpg 300w, https:\/\/wiegehtesdir-comics.de\/wp-content\/uploads\/2024\/04\/Joana_JuliaZejn-1024x1024.jpg 1024w, https:\/\/wiegehtesdir-comics.de\/wp-content\/uploads\/2024\/04\/Joana_JuliaZejn-150x150.jpg 150w, https:\/\/wiegehtesdir-comics.de\/wp-content\/uploads\/2024\/04\/Joana_JuliaZejn-768x768.jpg 768w, https:\/\/wiegehtesdir-comics.de\/wp-content\/uploads\/2024\/04\/Joana_JuliaZejn-1536x1536.jpg 1536w\" sizes=\"auto, (max-width: 2048px) 100vw, 2048px\" \/><button\n\t\t\tclass=\"lightbox-trigger\"\n\t\t\ttype=\"button\"\n\t\t\taria-haspopup=\"dialog\"\n\t\t\taria-label=\"Vergr\u00f6\u00dfern\"\n\t\t\tdata-wp-init=\"callbacks.initTriggerButton\"\n\t\t\tdata-wp-on--click=\"actions.showLightbox\"\n\t\t\tdata-wp-style--right=\"state.imageButtonRight\"\n\t\t\tdata-wp-style--top=\"state.imageButtonTop\"\n\t\t>\n\t\t\t<svg xmlns=\"http:\/\/www.w3.org\/2000\/svg\" width=\"12\" height=\"12\" fill=\"none\" viewBox=\"0 0 12 12\">\n\t\t\t\t<path fill=\"#fff\" d=\"M2 0a2 2 0 0 0-2 2v2h1.5V2a.5.5 0 0 1 .5-.5h2V0H2Zm2 10.5H2a.5.5 0 0 1-.5-.5V8H0v2a2 2 0 0 0 2 2h2v-1.5ZM8 12v-1.5h2a.5.5 0 0 0 .5-.5V8H12v2a2 2 0 0 1-2 2H8Zm2-12a2 2 0 0 1 2 2v2h-1.5V2a.5.5 0 0 0-.5-.5H8V0h2Z\" \/>\n\t\t\t<\/svg>\n\t\t<\/button><\/figure>\n\n<figure class=\"wp-block-image alignwide size-full rbc-is-hidden-on-wide  rbc-is-hidden-on-desktop\"><img loading=\"lazy\" decoding=\"async\" width=\"2048\" height=\"2048\" src=\"https:\/\/wiegehtesdir-comics.de\/wp-content\/uploads\/2024\/04\/Joana_JuliaZejn.jpg\" alt=\"\" class=\"wp-image-519\" srcset=\"https:\/\/wiegehtesdir-comics.de\/wp-content\/uploads\/2024\/04\/Joana_JuliaZejn.jpg 2048w, https:\/\/wiegehtesdir-comics.de\/wp-content\/uploads\/2024\/04\/Joana_JuliaZejn-300x300.jpg 300w, https:\/\/wiegehtesdir-comics.de\/wp-content\/uploads\/2024\/04\/Joana_JuliaZejn-1024x1024.jpg 1024w, https:\/\/wiegehtesdir-comics.de\/wp-content\/uploads\/2024\/04\/Joana_JuliaZejn-150x150.jpg 150w, https:\/\/wiegehtesdir-comics.de\/wp-content\/uploads\/2024\/04\/Joana_JuliaZejn-768x768.jpg 768w, https:\/\/wiegehtesdir-comics.de\/wp-content\/uploads\/2024\/04\/Joana_JuliaZejn-1536x1536.jpg 1536w\" sizes=\"auto, (max-width: 2048px) 100vw, 2048px\" \/><\/figure><\/div>\n\n<div style=\"height:20px\" aria-hidden=\"true\" class=\"wp-block-spacer\"><\/div>\n\n<div class=\"wp-block-group alignwide is-layout-constrained wp-container-core-group-is-layout-ef493e3c wp-block-group-is-layout-constrained\"><p  class=\"rbc-is-hidden-on-mobile rbc-is-hidden-on-tablet\" style=\"font-size:18px\">Julia Zejn, geboren 1985, lebt und arbeitet als freiberufliche Comicautorin und Illustratorin in Leipzig. Sie studierte Kommunikationsdesign mit Schwerpunkt Illustration und Animation. Seit 2013 arbeitet sie freiberuflich als Illustratorin, unter anderem f\u00fcr verschiedene Theaterproduktionen. Nach diversen Kurzgeschichten-Comics ver\u00f6ffentlichte sie 2018 ihr Deb\u00fct \u201eDrei Wege\u201c \u00fcber drei Frauenleben in Deutschland: 1918 \u2013 1968 \u2013 2018. Ihre zweite Graphic Novel \u201eAndere Umst\u00e4nde\u201c erschien 2021 ebenfalls im avant-verlag. <a href=\"http:\/\/www.juliazejn.de\">www.juliazejn.de<\/a><br><br>Joana Osman, geboren 1982, lebt und arbeitet als Autorin, Dozentin und Storytelling-Coach in der N\u00e4he von M\u00fcnchen. Sie studierte Amerikanistik, Theaterwissenschaft und Kunstgeschichte. 2012 war sie Mitbegr\u00fcnderin der Friedensbewegung \u201e<a href=\"https:\/\/thepeacefactory.org\/\">The Peace Factory<\/a>\u201c, einer sozialen Online-Bewegung, die sich f\u00fcr den Aufbau von Freundschaften zwischen Menschen in Konfliktgebieten einsetzt. Alle Gr\u00fcndungsmitglieder*innen haben ihre Wurzeln im Nahen Osten, in Israel, Pal\u00e4stina und Iran. Mit ihrer Bewegung, die Br\u00fccken statt Mauern bauen will, er\u00f6ffnen sie neue Wege der Kommunikation und laden Menschen zum Dialog ein. In ihrem Deb\u00fctroman \u201eAm Boden des Himmels\u201c (Atlantik Verlag, 2019) und auch in ihrem autofiktionalen Roman \u201eWo die Geister tanzen\u201c (C. Bertelsmann, 2023) ist der Nahostkonflikt und ihre eigene Herkunft pr\u00e4sent \u2013 sie ist die Tochter eines pal\u00e4stinensischen Vaters und einer deutschen Mutter. <a href=\"http:\/\/www.joanaosman.de\">www.joanaosman.de<\/a><\/p>\n\n<details class=\"wp-block-details alignwide is-layout-flow wp-block-details-is-layout-flow rbc-is-hidden-on-wide  rbc-is-hidden-on-desktop\"><summary>Information<\/summary><p>Julia Zejn, geboren 1985, lebt und arbeitet als freiberufliche Comicautorin und Illustratorin in Leipzig. Sie studierte Kommunikationsdesign mit Schwerpunkt Illustration und Animation. Seit 2013 arbeitet sie freiberuflich als Illustratorin, unter anderem f\u00fcr verschiedene Theaterproduktionen. Nach diversen Kurzgeschichten-Comics ver\u00f6ffentlichte sie 2018 ihr Deb\u00fct \u201eDrei Wege\u201c \u00fcber drei Frauenleben in Deutschland: 1918 \u2013 1968 \u2013 2018. Ihre zweite Graphic Novel \u201eAndere Umst\u00e4nde\u201c erschien 2021 ebenfalls im avant-verlag. <a href=\"http:\/\/www.juliazejn.de\">www.juliazejn.de<\/a><br><br>Joana Osman, geboren 1982, lebt und arbeitet als Autorin, Dozentin und Storytelling-Coach in der N\u00e4he von M\u00fcnchen. Sie studierte Amerikanistik, Theaterwissenschaft und Kunstgeschichte. 2012 war sie Mitbegr\u00fcnderin der Friedensbewegung \u201e<a href=\"https:\/\/thepeacefactory.org\/\">The Peace Factory<\/a>\u201c, einer sozialen Online-Bewegung, die sich f\u00fcr den Aufbau von Freundschaften zwischen Menschen in Konfliktgebieten einsetzt. Alle Gr\u00fcndungsmitglieder*innen haben ihre Wurzeln im Nahen Osten, in Israel, Pal\u00e4stina und Iran. Mit ihrer Bewegung, die Br\u00fccken statt Mauern bauen will, er\u00f6ffnen sie neue Wege der Kommunikation und laden Menschen zum Dialog ein. In ihrem Deb\u00fctroman \u201eAm Boden des Himmels\u201c (Atlantik Verlag, 2019) und auch in ihrem autofiktionalen Roman \u201eWo die Geister tanzen\u201c (C. Bertelsmann, 2023) ist der Nahostkonflikt und ihre eigene Herkunft pr\u00e4sent \u2013 sie ist die Tochter eines pal\u00e4stinensischen Vaters und einer deutschen Mutter. <a href=\"http:\/\/www.joanaosman.de\">www.joanaosman.de<\/a><\/p><\/details><\/div>\n\n<div class=\"wp-block-group alignwide is-content-justification-space-between is-nowrap is-layout-flex wp-container-core-group-is-layout-cb46ffcb wp-block-group-is-layout-flex\"><div class=\"wp-block-group is-nowrap is-layout-flex wp-container-core-group-is-layout-6c531013 wp-block-group-is-layout-flex\"><figure class=\"wp-block-image size-full is-style-rounded\"><img loading=\"lazy\" decoding=\"async\" width=\"42\" height=\"42\" src=\"https:\/\/wiegehtesdir-comics.de\/wp-content\/uploads\/2023\/12\/Insta.png\" alt=\"\" class=\"wp-image-82\"\/><\/figure>\n\n<p class=\"has-source-serif-pro-font-family\" style=\"text-decoration:underline\"><a href=\"https:\/\/www.instagram.com\/p\/C5XvEp5MFQL\/?img_index=1\">Beitrag auf Instagram<\/a><\/p><\/div>\n\n<div class=\"wp-block-group is-nowrap is-layout-flex wp-container-core-group-is-layout-6c531013 wp-block-group-is-layout-flex\"><p class=\"has-source-serif-pro-font-family\" style=\"text-decoration:underline\"><a href=\"https:\/\/wiegehtesdir-comics.de\">Startseite<\/a><\/p>\n\n<figure class=\"wp-block-image size-full\"><a href=\"https:\/\/wiegehtesdir-comics.de\" rel=\"Startseite\"><img loading=\"lazy\" decoding=\"async\" width=\"50\" height=\"50\" src=\"https:\/\/wiegehtesdir-comics.de\/wp-content\/uploads\/2023\/12\/Home-3.png\" alt=\"\" class=\"wp-image-26\"\/><\/a><\/figure><\/div><\/div><\/div>","protected":false},"excerpt":{"rendered":"<p>Julia Zejn, geboren 1985, lebt und arbeitet als freiberufliche Comicautorin und Illustratorin in Leipzig. Sie studierte Kommunikationsdesign mit Schwerpunkt Illustration und Animation. Seit 2013 arbeitet sie freiberuflich als Illustratorin, unter anderem f\u00fcr verschiedene Theaterproduktionen. Nach diversen Kurzgeschichten-Comics ver\u00f6ffentlichte sie 2018 ihr Deb\u00fct \u201eDrei Wege\u201c \u00fcber drei Frauenleben in Deutschland: 1918 \u2013 1968 \u2013 2018. Ihre [&hellip;]<\/p>\n","protected":false},"author":2,"featured_media":519,"comment_status":"closed","ping_status":"","sticky":false,"template":"","format":"standard","meta":{"footnotes":""},"categories":[1],"tags":[],"class_list":["post-518","post","type-post","status-publish","format-standard","has-post-thumbnail","hentry","category-allgemein"],"_links":{"self":[{"href":"https:\/\/wiegehtesdir-comics.de\/index.php?rest_route=\/wp\/v2\/posts\/518","targetHints":{"allow":["GET"]}}],"collection":[{"href":"https:\/\/wiegehtesdir-comics.de\/index.php?rest_route=\/wp\/v2\/posts"}],"about":[{"href":"https:\/\/wiegehtesdir-comics.de\/index.php?rest_route=\/wp\/v2\/types\/post"}],"author":[{"embeddable":true,"href":"https:\/\/wiegehtesdir-comics.de\/index.php?rest_route=\/wp\/v2\/users\/2"}],"replies":[{"embeddable":true,"href":"https:\/\/wiegehtesdir-comics.de\/index.php?rest_route=%2Fwp%2Fv2%2Fcomments&post=518"}],"version-history":[{"count":1,"href":"https:\/\/wiegehtesdir-comics.de\/index.php?rest_route=\/wp\/v2\/posts\/518\/revisions"}],"predecessor-version":[{"id":520,"href":"https:\/\/wiegehtesdir-comics.de\/index.php?rest_route=\/wp\/v2\/posts\/518\/revisions\/520"}],"wp:featuredmedia":[{"embeddable":true,"href":"https:\/\/wiegehtesdir-comics.de\/index.php?rest_route=\/wp\/v2\/media\/519"}],"wp:attachment":[{"href":"https:\/\/wiegehtesdir-comics.de\/index.php?rest_route=%2Fwp%2Fv2%2Fmedia&parent=518"}],"wp:term":[{"taxonomy":"category","embeddable":true,"href":"https:\/\/wiegehtesdir-comics.de\/index.php?rest_route=%2Fwp%2Fv2%2Fcategories&post=518"},{"taxonomy":"post_tag","embeddable":true,"href":"https:\/\/wiegehtesdir-comics.de\/index.php?rest_route=%2Fwp%2Fv2%2Ftags&post=518"}],"curies":[{"name":"wp","href":"https:\/\/api.w.org\/{rel}","templated":true}]}}