{"id":478,"date":"2024-02-23T13:55:07","date_gmt":"2024-02-23T12:55:07","guid":{"rendered":"https:\/\/wiegehtesdir-comics.de\/?p=478"},"modified":"2024-03-01T11:57:54","modified_gmt":"2024-03-01T10:57:54","slug":"thomas-gilke-dotan","status":"publish","type":"post","link":"https:\/\/wiegehtesdir-comics.de\/?p=478","title":{"rendered":"Thomas Gilke: &#8222;Dotan&#8220;"},"content":{"rendered":"<div class=\"wp-block-group alignfull is-layout-constrained wp-container-core-group-is-layout-4bf3f388 wp-block-group-is-layout-constrained\"><div class=\"wp-block-group alignwide has-source-serif-pro-font-family is-nowrap is-layout-flex wp-container-core-group-is-layout-6c531013 wp-block-group-is-layout-flex\" id=\"oben\"><div style=\"font-size:18px;\" class=\"wp-block-post-date\"><time datetime=\"2024-02-23T13:55:07+01:00\">23. Februar 2024<\/time><\/div><\/div>\n\n<div class=\"wp-block-group alignwide has-source-serif-pro-font-family is-layout-constrained wp-container-core-group-is-layout-ef493e3c wp-block-group-is-layout-constrained\" style=\"font-size:24px\"><h2 style=\"font-size:24px;font-style:normal;font-weight:600;\" class=\"alignwide wp-block-post-title\">Thomas Gilke: &#8222;Dotan&#8220;<\/h2><\/div>\n\n<div style=\"height:20px\" aria-hidden=\"true\" class=\"wp-block-spacer\"><\/div>\n\n<div class=\"wp-block-group alignwide is-layout-constrained wp-container-core-group-is-layout-ef493e3c wp-block-group-is-layout-constrained\"><figure data-wp-context=\"{&quot;imageId&quot;:&quot;69f4aeddd96a6&quot;}\" data-wp-interactive=\"core\/image\" data-wp-key=\"69f4aeddd96a6\" class=\"wp-block-image alignwide size-full rbc-is-hidden-on-tablet  rbc-is-hidden-on-mobile wp-lightbox-container\"><img loading=\"lazy\" decoding=\"async\" width=\"2560\" height=\"2560\" data-wp-class--hide=\"state.isContentHidden\" data-wp-class--show=\"state.isContentVisible\" data-wp-init=\"callbacks.setButtonStyles\" data-wp-on--click=\"actions.showLightbox\" data-wp-on--load=\"callbacks.setButtonStyles\" data-wp-on-window--resize=\"callbacks.setButtonStyles\" src=\"https:\/\/wiegehtesdir-comics.de\/wp-content\/uploads\/2024\/02\/Dotan_ThomasGilke-scaled.jpg\" alt=\"\" class=\"wp-image-479\" srcset=\"https:\/\/wiegehtesdir-comics.de\/wp-content\/uploads\/2024\/02\/Dotan_ThomasGilke-scaled.jpg 2560w, https:\/\/wiegehtesdir-comics.de\/wp-content\/uploads\/2024\/02\/Dotan_ThomasGilke-300x300.jpg 300w, https:\/\/wiegehtesdir-comics.de\/wp-content\/uploads\/2024\/02\/Dotan_ThomasGilke-1024x1024.jpg 1024w, https:\/\/wiegehtesdir-comics.de\/wp-content\/uploads\/2024\/02\/Dotan_ThomasGilke-150x150.jpg 150w, https:\/\/wiegehtesdir-comics.de\/wp-content\/uploads\/2024\/02\/Dotan_ThomasGilke-768x768.jpg 768w, https:\/\/wiegehtesdir-comics.de\/wp-content\/uploads\/2024\/02\/Dotan_ThomasGilke-1536x1536.jpg 1536w, https:\/\/wiegehtesdir-comics.de\/wp-content\/uploads\/2024\/02\/Dotan_ThomasGilke-2048x2048.jpg 2048w\" sizes=\"auto, (max-width: 2560px) 100vw, 2560px\" \/><button\n\t\t\tclass=\"lightbox-trigger\"\n\t\t\ttype=\"button\"\n\t\t\taria-haspopup=\"dialog\"\n\t\t\taria-label=\"Vergr\u00f6\u00dfern\"\n\t\t\tdata-wp-init=\"callbacks.initTriggerButton\"\n\t\t\tdata-wp-on--click=\"actions.showLightbox\"\n\t\t\tdata-wp-style--right=\"state.imageButtonRight\"\n\t\t\tdata-wp-style--top=\"state.imageButtonTop\"\n\t\t>\n\t\t\t<svg xmlns=\"http:\/\/www.w3.org\/2000\/svg\" width=\"12\" height=\"12\" fill=\"none\" viewBox=\"0 0 12 12\">\n\t\t\t\t<path fill=\"#fff\" d=\"M2 0a2 2 0 0 0-2 2v2h1.5V2a.5.5 0 0 1 .5-.5h2V0H2Zm2 10.5H2a.5.5 0 0 1-.5-.5V8H0v2a2 2 0 0 0 2 2h2v-1.5ZM8 12v-1.5h2a.5.5 0 0 0 .5-.5V8H12v2a2 2 0 0 1-2 2H8Zm2-12a2 2 0 0 1 2 2v2h-1.5V2a.5.5 0 0 0-.5-.5H8V0h2Z\" \/>\n\t\t\t<\/svg>\n\t\t<\/button><\/figure>\n\n<figure class=\"wp-block-image alignwide size-full rbc-is-hidden-on-wide  rbc-is-hidden-on-desktop\"><img loading=\"lazy\" decoding=\"async\" width=\"2560\" height=\"2560\" src=\"https:\/\/wiegehtesdir-comics.de\/wp-content\/uploads\/2024\/02\/Dotan_ThomasGilke-scaled.jpg\" alt=\"\" class=\"wp-image-479\" srcset=\"https:\/\/wiegehtesdir-comics.de\/wp-content\/uploads\/2024\/02\/Dotan_ThomasGilke-scaled.jpg 2560w, https:\/\/wiegehtesdir-comics.de\/wp-content\/uploads\/2024\/02\/Dotan_ThomasGilke-300x300.jpg 300w, https:\/\/wiegehtesdir-comics.de\/wp-content\/uploads\/2024\/02\/Dotan_ThomasGilke-1024x1024.jpg 1024w, https:\/\/wiegehtesdir-comics.de\/wp-content\/uploads\/2024\/02\/Dotan_ThomasGilke-150x150.jpg 150w, https:\/\/wiegehtesdir-comics.de\/wp-content\/uploads\/2024\/02\/Dotan_ThomasGilke-768x768.jpg 768w, https:\/\/wiegehtesdir-comics.de\/wp-content\/uploads\/2024\/02\/Dotan_ThomasGilke-1536x1536.jpg 1536w, https:\/\/wiegehtesdir-comics.de\/wp-content\/uploads\/2024\/02\/Dotan_ThomasGilke-2048x2048.jpg 2048w\" sizes=\"auto, (max-width: 2560px) 100vw, 2560px\" \/><\/figure><\/div>\n\n<div style=\"height:20px\" aria-hidden=\"true\" class=\"wp-block-spacer\"><\/div>\n\n<div class=\"wp-block-group alignwide is-layout-constrained wp-container-core-group-is-layout-ef493e3c wp-block-group-is-layout-constrained\"><p  class=\"rbc-is-hidden-on-mobile rbc-is-hidden-on-tablet\" style=\"font-size:18px\">Eine weitere Geschichte, die sich so zugetragen hat: Nach den Anschl\u00e4gen vom 7. Oktober 2023 erkundigt sich Dotan, der zuk\u00fcnftige israelische Gastgeber von Thomas, wie es ihm geht. Der Comic entstand f\u00fcr die Aktion \u201eWie geht es dir? \u2013 Zeichner*innen gegen Antisemitismus, Hass und Rassismus\u201c.<\/p>\n\n<p class=\"rbc-is-hidden-on-tablet rbc-is-hidden-on-mobile\" >Thomas Gilke, geboren 1973 in M\u00fcnchen, zeichnet, lettert, gestaltet und koloriert f\u00fcr diverse Verlage und Zeichner*innen. Mittlerweile lebt und arbeitet er, dem ein abstrakter und minimalistischer Stil nachgesagt wird, in Brandenburg. Zuletzt erschien seine Monographie \u201eDas Buch mit dem geheimnisvollen Titel\u201c (Breitkopf Editionen, 2022). In der Anthologie \u201eGerne w\u00fcrdest du allen so viel sagen\u201c (avant-verlag, 2023) ist er mit dem Beitrag \u201eHandbuch f\u00fcr den angehenden Potentaten\u201c vertreten.<\/p>\n\n<details class=\"wp-block-details alignwide is-layout-flow wp-block-details-is-layout-flow rbc-is-hidden-on-wide  rbc-is-hidden-on-desktop\"><summary>Information<\/summary><p>Eine weitere Geschichte, die sich so zugetragen hat: Nach den Anschl\u00e4gen vom 7. Oktober 2023 erkundigt sich Dotan, der zuk\u00fcnftige israelische Gastgeber von Thomas, wie es ihm geht. Der Comic entstand f\u00fcr die Aktion \u201eWie geht es dir? \u2013 Zeichner*innen gegen Antisemitismus, Hass und Rassismus\u201c.<\/p>\n\n<p>Thomas Gilke, geboren 1973 in M\u00fcnchen, zeichnet, lettert, gestaltet und koloriert f\u00fcr diverse Verlage und Zeichner*innen. Mittlerweile lebt und arbeitet er, dem ein abstrakter und minimalistischer Stil nachgesagt wird, in Brandenburg. Zuletzt erschien seine Monographie \u201eDas Buch mit dem geheimnisvollen Titel\u201c (Breitkopf Editionen, 2022). In der Anthologie \u201eGerne w\u00fcrdest du allen so viel sagen\u201c (avant-verlag, 2023) ist er mit dem Beitrag \u201eHandbuch f\u00fcr den angehenden Potentaten\u201c vertreten.<\/p><\/details><\/div>\n\n<div class=\"wp-block-group alignwide is-content-justification-space-between is-nowrap is-layout-flex wp-container-core-group-is-layout-cb46ffcb wp-block-group-is-layout-flex\"><div class=\"wp-block-group is-nowrap is-layout-flex wp-container-core-group-is-layout-6c531013 wp-block-group-is-layout-flex\"><figure class=\"wp-block-image size-full is-style-rounded\"><img loading=\"lazy\" decoding=\"async\" width=\"42\" height=\"42\" src=\"https:\/\/wiegehtesdir-comics.de\/wp-content\/uploads\/2023\/12\/Insta.png\" alt=\"\" class=\"wp-image-82\"\/><\/figure>\n\n<p class=\"has-source-serif-pro-font-family\" style=\"text-decoration:underline\"><a href=\"https:\/\/www.instagram.com\/p\/C3sAf_FM843\/?img_index=1\">Beitrag auf Instagram<\/a><\/p><\/div>\n\n<div class=\"wp-block-group is-nowrap is-layout-flex wp-container-core-group-is-layout-6c531013 wp-block-group-is-layout-flex\"><p class=\"has-source-serif-pro-font-family\" style=\"text-decoration:underline\"><a href=\"https:\/\/wiegehtesdir-comics.de\">Startseite<\/a><\/p>\n\n<figure class=\"wp-block-image size-full\"><a href=\"https:\/\/wiegehtesdir-comics.de\" rel=\"Startseite\"><img loading=\"lazy\" decoding=\"async\" width=\"50\" height=\"50\" src=\"https:\/\/wiegehtesdir-comics.de\/wp-content\/uploads\/2023\/12\/Home-3.png\" alt=\"\" class=\"wp-image-26\"\/><\/a><\/figure><\/div><\/div><\/div>","protected":false},"excerpt":{"rendered":"<p>Eine weitere Geschichte, die sich so zugetragen hat: Nach den Anschl\u00e4gen vom 7. Oktober 2023 erkundigt sich Dotan, der zuk\u00fcnftige israelische Gastgeber von Thomas, wie es ihm geht. Der Comic entstand f\u00fcr die Aktion \u201eWie geht es dir? \u2013 Zeichner*innen gegen Antisemitismus, Hass und Rassismus\u201c. Thomas Gilke, geboren 1973 in M\u00fcnchen, zeichnet, lettert, gestaltet und [&hellip;]<\/p>\n","protected":false},"author":2,"featured_media":479,"comment_status":"closed","ping_status":"","sticky":false,"template":"","format":"standard","meta":{"footnotes":""},"categories":[1],"tags":[],"class_list":["post-478","post","type-post","status-publish","format-standard","has-post-thumbnail","hentry","category-allgemein"],"_links":{"self":[{"href":"https:\/\/wiegehtesdir-comics.de\/index.php?rest_route=\/wp\/v2\/posts\/478","targetHints":{"allow":["GET"]}}],"collection":[{"href":"https:\/\/wiegehtesdir-comics.de\/index.php?rest_route=\/wp\/v2\/posts"}],"about":[{"href":"https:\/\/wiegehtesdir-comics.de\/index.php?rest_route=\/wp\/v2\/types\/post"}],"author":[{"embeddable":true,"href":"https:\/\/wiegehtesdir-comics.de\/index.php?rest_route=\/wp\/v2\/users\/2"}],"replies":[{"embeddable":true,"href":"https:\/\/wiegehtesdir-comics.de\/index.php?rest_route=%2Fwp%2Fv2%2Fcomments&post=478"}],"version-history":[{"count":2,"href":"https:\/\/wiegehtesdir-comics.de\/index.php?rest_route=\/wp\/v2\/posts\/478\/revisions"}],"predecessor-version":[{"id":486,"href":"https:\/\/wiegehtesdir-comics.de\/index.php?rest_route=\/wp\/v2\/posts\/478\/revisions\/486"}],"wp:featuredmedia":[{"embeddable":true,"href":"https:\/\/wiegehtesdir-comics.de\/index.php?rest_route=\/wp\/v2\/media\/479"}],"wp:attachment":[{"href":"https:\/\/wiegehtesdir-comics.de\/index.php?rest_route=%2Fwp%2Fv2%2Fmedia&parent=478"}],"wp:term":[{"taxonomy":"category","embeddable":true,"href":"https:\/\/wiegehtesdir-comics.de\/index.php?rest_route=%2Fwp%2Fv2%2Fcategories&post=478"},{"taxonomy":"post_tag","embeddable":true,"href":"https:\/\/wiegehtesdir-comics.de\/index.php?rest_route=%2Fwp%2Fv2%2Ftags&post=478"}],"curies":[{"name":"wp","href":"https:\/\/api.w.org\/{rel}","templated":true}]}}