{"id":221,"date":"2024-01-02T10:07:48","date_gmt":"2024-01-02T09:07:48","guid":{"rendered":"https:\/\/wiegehtesdir-comics.de\/?p=221"},"modified":"2024-01-02T11:39:08","modified_gmt":"2024-01-02T10:39:08","slug":"barbara-yelin","status":"publish","type":"post","link":"https:\/\/wiegehtesdir-comics.de\/?p=221","title":{"rendered":"Barbara Yelin"},"content":{"rendered":"<div class=\"wp-block-group alignfull is-layout-constrained wp-container-core-group-is-layout-ef493e3c wp-block-group-is-layout-constrained\"><div class=\"wp-block-group alignwide has-source-serif-pro-font-family is-nowrap is-layout-flex wp-container-core-group-is-layout-6c531013 wp-block-group-is-layout-flex\" id=\"oben\"><div style=\"font-size:18px;\" class=\"wp-block-post-date\"><time datetime=\"2024-01-02T10:07:48+01:00\">2. Januar 2024<\/time><\/div><\/div>\n\n<div class=\"wp-block-group alignwide has-source-serif-pro-font-family is-layout-constrained wp-container-core-group-is-layout-ef493e3c wp-block-group-is-layout-constrained\"><h2 style=\"font-size:24px;font-style:normal;font-weight:600;\" class=\"alignwide wp-block-post-title\">Barbara Yelin<\/h2><\/div>\n\n<div style=\"height:20px\" aria-hidden=\"true\" class=\"wp-block-spacer\"><\/div>\n\n<div class=\"wp-block-group alignwide is-layout-constrained wp-container-core-group-is-layout-ef493e3c wp-block-group-is-layout-constrained\"><figure data-wp-context=\"{&quot;imageId&quot;:&quot;69f4aef82f9f3&quot;}\" data-wp-interactive=\"core\/image\" data-wp-key=\"69f4aef82f9f3\" class=\"wp-block-image alignwide size-full rbc-is-hidden-on-mobile  rbc-is-hidden-on-tablet wp-lightbox-container\"><img loading=\"lazy\" decoding=\"async\" width=\"2436\" height=\"2560\" data-wp-class--hide=\"state.isContentHidden\" data-wp-class--show=\"state.isContentVisible\" data-wp-init=\"callbacks.setButtonStyles\" data-wp-on--click=\"actions.showLightbox\" data-wp-on--load=\"callbacks.setButtonStyles\" data-wp-on-window--resize=\"callbacks.setButtonStyles\" src=\"https:\/\/wiegehtesdir-comics.de\/wp-content\/uploads\/2023\/12\/Emmie_BarbaraYelin_1912_croped-scaled.jpg\" alt=\"\" class=\"wp-image-371\" srcset=\"https:\/\/wiegehtesdir-comics.de\/wp-content\/uploads\/2023\/12\/Emmie_BarbaraYelin_1912_croped-scaled.jpg 2436w, https:\/\/wiegehtesdir-comics.de\/wp-content\/uploads\/2023\/12\/Emmie_BarbaraYelin_1912_croped-285x300.jpg 285w, https:\/\/wiegehtesdir-comics.de\/wp-content\/uploads\/2023\/12\/Emmie_BarbaraYelin_1912_croped-974x1024.jpg 974w, https:\/\/wiegehtesdir-comics.de\/wp-content\/uploads\/2023\/12\/Emmie_BarbaraYelin_1912_croped-768x807.jpg 768w, https:\/\/wiegehtesdir-comics.de\/wp-content\/uploads\/2023\/12\/Emmie_BarbaraYelin_1912_croped-1462x1536.jpg 1462w, https:\/\/wiegehtesdir-comics.de\/wp-content\/uploads\/2023\/12\/Emmie_BarbaraYelin_1912_croped-1949x2048.jpg 1949w\" sizes=\"auto, (max-width: 2436px) 100vw, 2436px\" \/><button\n\t\t\tclass=\"lightbox-trigger\"\n\t\t\ttype=\"button\"\n\t\t\taria-haspopup=\"dialog\"\n\t\t\taria-label=\"Vergr\u00f6\u00dfern\"\n\t\t\tdata-wp-init=\"callbacks.initTriggerButton\"\n\t\t\tdata-wp-on--click=\"actions.showLightbox\"\n\t\t\tdata-wp-style--right=\"state.imageButtonRight\"\n\t\t\tdata-wp-style--top=\"state.imageButtonTop\"\n\t\t>\n\t\t\t<svg xmlns=\"http:\/\/www.w3.org\/2000\/svg\" width=\"12\" height=\"12\" fill=\"none\" viewBox=\"0 0 12 12\">\n\t\t\t\t<path fill=\"#fff\" d=\"M2 0a2 2 0 0 0-2 2v2h1.5V2a.5.5 0 0 1 .5-.5h2V0H2Zm2 10.5H2a.5.5 0 0 1-.5-.5V8H0v2a2 2 0 0 0 2 2h2v-1.5ZM8 12v-1.5h2a.5.5 0 0 0 .5-.5V8H12v2a2 2 0 0 1-2 2H8Zm2-12a2 2 0 0 1 2 2v2h-1.5V2a.5.5 0 0 0-.5-.5H8V0h2Z\" \/>\n\t\t\t<\/svg>\n\t\t<\/button><\/figure>\n\n<figure class=\"wp-block-image alignwide size-full rbc-is-hidden-on-wide  rbc-is-hidden-on-desktop\"><img loading=\"lazy\" decoding=\"async\" width=\"2436\" height=\"2560\" src=\"https:\/\/wiegehtesdir-comics.de\/wp-content\/uploads\/2023\/12\/Emmie_BarbaraYelin_1912_croped-scaled.jpg\" alt=\"\" class=\"wp-image-371\" srcset=\"https:\/\/wiegehtesdir-comics.de\/wp-content\/uploads\/2023\/12\/Emmie_BarbaraYelin_1912_croped-scaled.jpg 2436w, https:\/\/wiegehtesdir-comics.de\/wp-content\/uploads\/2023\/12\/Emmie_BarbaraYelin_1912_croped-285x300.jpg 285w, https:\/\/wiegehtesdir-comics.de\/wp-content\/uploads\/2023\/12\/Emmie_BarbaraYelin_1912_croped-974x1024.jpg 974w, https:\/\/wiegehtesdir-comics.de\/wp-content\/uploads\/2023\/12\/Emmie_BarbaraYelin_1912_croped-768x807.jpg 768w, https:\/\/wiegehtesdir-comics.de\/wp-content\/uploads\/2023\/12\/Emmie_BarbaraYelin_1912_croped-1462x1536.jpg 1462w, https:\/\/wiegehtesdir-comics.de\/wp-content\/uploads\/2023\/12\/Emmie_BarbaraYelin_1912_croped-1949x2048.jpg 1949w\" sizes=\"auto, (max-width: 2436px) 100vw, 2436px\" \/><\/figure><\/div>\n\n<div style=\"height:20px\" aria-hidden=\"true\" class=\"wp-block-spacer\"><\/div>\n\n<div class=\"wp-block-group alignwide is-layout-constrained wp-container-core-group-is-layout-ef493e3c wp-block-group-is-layout-constrained\"><p  class=\"rbc-is-hidden-on-mobile rbc-is-hidden-on-tablet\" style=\"font-size:18px\">Barbara Yelin, geboren 1977 in M\u00fcnchen, studierte Illustration an der Hochschule f\u00fcr Angewandte Wissenschaften in Hamburg. Sie hat viele historische und recherchebasierte Graphic Novels gezeichnet, so den Comicroman \u201eIrmina\u201c oder die Biografie \u201eChanna Maron \u2013 Dir selbst sei treu\u201c.&nbsp;Barbara Yelin traf die&nbsp;Holocaust-\u00dcberlebende&nbsp;Emmie Arbel zum ersten Mal&nbsp;2019&nbsp;in der Gedenkst\u00e4tte Ravensbr\u00fcck.&nbsp;Das wissenschaftliche interdisziplin\u00e4re Projekt \u201eNarrative Art and Visual Storytelling in Genocide and Human Rights Education\u201c hatte den Dialog initiiert. Aus zahlreichen Treffen von Yelin und Arbel entstand ein Beitrag in der&nbsp;Anthologie \u201eAber ich lebe: Vier Kinder \u00fcberleben den Holocaust\u201c und die soeben erschienene Graphic Novel \u201eEmmie Arbel. Die Farbe der Erinnerung\u201c (Reprodukt). Barbara Yelin erhielt 2015 den&nbsp;Bayerischen Kunstf\u00f6rderpreis, 2016 den Max und Moritz-Preis als beste deutschsprachige Comic-K\u00fcnstlerin und 2021 das Literaturf\u00f6rderstipendium der Stadt M\u00fcnchen. Sie&nbsp;geh\u00f6rt zu den Initiator*innen des Projekts \u201eWie geht es dir?\u201c&nbsp;<a href=\"http:\/\/www.barbarayelin.de\">www.barbarayelin.de<\/a><\/p>\n\n<details class=\"wp-block-details is-layout-flow wp-block-details-is-layout-flow rbc-is-hidden-on-wide  rbc-is-hidden-on-desktop\"><summary>Information<\/summary><p>Barbara Yelin, geboren 1977 in M\u00fcnchen, studierte Illustration an der Hochschule f\u00fcr Angewandte Wissenschaften in Hamburg. Sie hat viele historische und recherchebasierte Graphic Novels gezeichnet, so den Comicroman \u201eIrmina\u201c oder die Biografie \u201eChanna Maron \u2013 Dir selbst sei treu\u201c.&nbsp;Barbara Yelin traf die&nbsp;Holocaust-\u00dcberlebende&nbsp;Emmie Arbel zum ersten Mal&nbsp;2019&nbsp;in der Gedenkst\u00e4tte Ravensbr\u00fcck.&nbsp;Das wissenschaftliche interdisziplin\u00e4re Projekt \u201eNarrative Art and Visual Storytelling in Genocide and Human Rights Education\u201c hatte den Dialog initiiert. Aus zahlreichen Treffen von Yelin und Arbel entstand ein Beitrag in der&nbsp;Anthologie \u201eAber ich lebe: Vier Kinder \u00fcberleben den Holocaust\u201c und die soeben erschienene Graphic Novel \u201eEmmie Arbel. Die Farbe der Erinnerung\u201c (Reprodukt). Barbara Yelin erhielt 2015 den&nbsp;Bayerischen Kunstf\u00f6rderpreis, 2016 den Max und Moritz-Preis als beste deutschsprachige Comic-K\u00fcnstlerin und 2021 das Literaturf\u00f6rderstipendium der Stadt M\u00fcnchen. Sie&nbsp;geh\u00f6rt zu den Initiator*innen des Projekts \u201eWie geht es dir?\u201c&nbsp;<a href=\"http:\/\/www.barbarayelin.de\">www.barbarayelin.de<\/a><\/p><\/details><\/div>\n\n<div class=\"wp-block-group alignwide is-content-justification-space-between is-nowrap is-layout-flex wp-container-core-group-is-layout-cb46ffcb wp-block-group-is-layout-flex\"><div class=\"wp-block-group is-nowrap is-layout-flex wp-container-core-group-is-layout-6c531013 wp-block-group-is-layout-flex\"><figure class=\"wp-block-image size-full is-style-rounded\"><a href=\"https:\/\/www.instagram.com\/p\/C1mArhKosVW\/?next=%2F&amp;img_index=1\"><img loading=\"lazy\" decoding=\"async\" width=\"42\" height=\"42\" src=\"https:\/\/wiegehtesdir-comics.de\/wp-content\/uploads\/2023\/12\/Insta.png\" alt=\"\" class=\"wp-image-82\"\/><\/a><\/figure>\n\n<p class=\"has-source-serif-pro-font-family\" style=\"text-decoration:underline\">Beitrag auf Instagram<\/p><\/div>\n\n<div class=\"wp-block-group is-nowrap is-layout-flex wp-container-core-group-is-layout-6c531013 wp-block-group-is-layout-flex\"><p class=\"has-source-serif-pro-font-family\" style=\"text-decoration:underline\"><a href=\"https:\/\/wiegehtesdir-comics.de\">Startseite<\/a><\/p>\n\n<figure class=\"wp-block-image size-full\"><a href=\"https:\/\/wiegehtesdir-comics.de\" rel=\"Startseite\"><img loading=\"lazy\" decoding=\"async\" width=\"50\" height=\"50\" src=\"https:\/\/wiegehtesdir-comics.de\/wp-content\/uploads\/2023\/12\/Home-3.png\" alt=\"\" class=\"wp-image-26\"\/><\/a><\/figure><\/div><\/div><\/div>","protected":false},"excerpt":{"rendered":"<p>Barbara Yelin, geboren 1977 in M\u00fcnchen, studierte Illustration an der Hochschule f\u00fcr Angewandte Wissenschaften in Hamburg. Sie hat viele historische und recherchebasierte Graphic Novels gezeichnet, so den Comicroman \u201eIrmina\u201c oder die Biografie \u201eChanna Maron \u2013 Dir selbst sei treu\u201c.&nbsp;Barbara Yelin traf die&nbsp;Holocaust-\u00dcberlebende&nbsp;Emmie Arbel zum ersten Mal&nbsp;2019&nbsp;in der Gedenkst\u00e4tte Ravensbr\u00fcck.&nbsp;Das wissenschaftliche interdisziplin\u00e4re Projekt \u201eNarrative Art and [&hellip;]<\/p>\n","protected":false},"author":1,"featured_media":371,"comment_status":"closed","ping_status":"","sticky":false,"template":"","format":"standard","meta":{"footnotes":""},"categories":[1],"tags":[],"class_list":["post-221","post","type-post","status-publish","format-standard","has-post-thumbnail","hentry","category-allgemein"],"_links":{"self":[{"href":"https:\/\/wiegehtesdir-comics.de\/index.php?rest_route=\/wp\/v2\/posts\/221","targetHints":{"allow":["GET"]}}],"collection":[{"href":"https:\/\/wiegehtesdir-comics.de\/index.php?rest_route=\/wp\/v2\/posts"}],"about":[{"href":"https:\/\/wiegehtesdir-comics.de\/index.php?rest_route=\/wp\/v2\/types\/post"}],"author":[{"embeddable":true,"href":"https:\/\/wiegehtesdir-comics.de\/index.php?rest_route=\/wp\/v2\/users\/1"}],"replies":[{"embeddable":true,"href":"https:\/\/wiegehtesdir-comics.de\/index.php?rest_route=%2Fwp%2Fv2%2Fcomments&post=221"}],"version-history":[{"count":11,"href":"https:\/\/wiegehtesdir-comics.de\/index.php?rest_route=\/wp\/v2\/posts\/221\/revisions"}],"predecessor-version":[{"id":394,"href":"https:\/\/wiegehtesdir-comics.de\/index.php?rest_route=\/wp\/v2\/posts\/221\/revisions\/394"}],"wp:featuredmedia":[{"embeddable":true,"href":"https:\/\/wiegehtesdir-comics.de\/index.php?rest_route=\/wp\/v2\/media\/371"}],"wp:attachment":[{"href":"https:\/\/wiegehtesdir-comics.de\/index.php?rest_route=%2Fwp%2Fv2%2Fmedia&parent=221"}],"wp:term":[{"taxonomy":"category","embeddable":true,"href":"https:\/\/wiegehtesdir-comics.de\/index.php?rest_route=%2Fwp%2Fv2%2Fcategories&post=221"},{"taxonomy":"post_tag","embeddable":true,"href":"https:\/\/wiegehtesdir-comics.de\/index.php?rest_route=%2Fwp%2Fv2%2Ftags&post=221"}],"curies":[{"name":"wp","href":"https:\/\/api.w.org\/{rel}","templated":true}]}}